{"id":107,"date":"2012-10-19T14:34:04","date_gmt":"2012-10-19T11:34:04","guid":{"rendered":"http:\/\/www.polisemeklileriyardimlasmadernegi.com\/?p=107"},"modified":"2012-10-19T14:34:04","modified_gmt":"2012-10-19T11:34:04","slug":"ishak-terzi-baskomiser","status":"publish","type":"post","link":"https:\/\/polisemeklileri.com\/tr\/genel\/ishak-terzi-baskomiser\/","title":{"rendered":"\u0130shak TERZ\u0130 (Ba\u015fkomiser)"},"content":{"rendered":"<p>Ardahan \u0130li Posof \u0130l\u00e7e Emniyet M\u00fcd\u00fcrl\u00fc\u011f\u00fc<\/p>\n<h1><img loading=\"lazy\" decoding=\"async\" class=\"aligncenter size-full wp-image-108\" title=\"\u0130SHAK TERZ\u0130 (Ba\u015fkomser)Posof il\u00e7e em. m\u00fcd. vek.\" src=\"http:\/\/dernek.polisemeklileri.com\/wp-content\/uploads\/2012\/10\/SHAK-TERZ\u0130-Ba\u015fkomserPosof-il\u00e7e-em.-m\u00fcd.-vek.-e1350646334729.jpg\" alt=\"\" width=\"450\" height=\"600\" srcset=\"https:\/\/polisemeklileri.com\/tr\/wp-content\/uploads\/2012\/10\/SHAK-TERZ\u0130-Ba\u015fkomserPosof-il\u00e7e-em.-m\u00fcd.-vek.-e1350646334729.jpg 450w, https:\/\/polisemeklileri.com\/tr\/wp-content\/uploads\/2012\/10\/SHAK-TERZ\u0130-Ba\u015fkomserPosof-il\u00e7e-em.-m\u00fcd.-vek.-e1350646334729-225x300.jpg 225w\" sizes=\"auto, (max-width: 450px) 100vw, 450px\" \/><\/h1>\n<p>1964 y\u0131l\u0131nda Rize merkezde do\u011fdu. \u0130lk ve orta okulu Rize\u2019de tamamlad\u0131ktan sonra, 1987 y\u0131l\u0131nda girdi\u011fi Elaz\u0131\u011f Polis Okuluna, Polis Memuru olarak mezun oldu. Daha sonra s\u0131ras\u0131yla, Konya, Kars, Trabzon ve Samsun illerinde, emniyetin \u00e7e\u015fitli birimlerinde \u00e7al\u0131\u015ft\u0131. 1998 y\u0131l\u0131nda a\u00e7\u0131lan Komiserlik kursundan, 1999 y\u0131l\u0131nda Komiser Muavini olarak mezun olduktan sonra Samsun\u2019a atand\u0131. Orada belli bir s\u00fcre \u00e7al\u0131\u015ft\u0131ktan sonra Ardahan \u0130li Posof il\u00e7e emniyet m\u00fcd. getirilen Say\u0131n \u0130shak TERZ\u0130, burada belli bir s\u00fcre Posof \u0130l\u00e7e Emniyet M\u00fcd\u00fcr Vekilli\u011fi yapt\u0131. Halen Posof T\u00fcrkg\u00f6z\u00fc Hudut Kap\u0131s\u0131 Emniyet Amir Vekili olarak g\u00f6rev yapmaktad\u0131r. Evli ve 2 \u00e7ocuk babas\u0131d\u0131r.<\/p>\n<p>&nbsp;<\/p>\n<p>&nbsp;<\/p>\n<p style=\"text-align: center;\"><img loading=\"lazy\" decoding=\"async\" class=\"aligncenter size-full wp-image-110\" src=\"http:\/\/dernek.polisemeklileri.com\/wp-content\/uploads\/2012\/10\/toplu-resmin-\u00fcst\u011f\u00fcne-montaj-olacak-e1350646418952.jpg\" alt=\"\" width=\"600\" height=\"450\" srcset=\"https:\/\/polisemeklileri.com\/tr\/wp-content\/uploads\/2012\/10\/toplu-resmin-\u00fcst\u011f\u00fcne-montaj-olacak-e1350646418952.jpg 600w, https:\/\/polisemeklileri.com\/tr\/wp-content\/uploads\/2012\/10\/toplu-resmin-\u00fcst\u011f\u00fcne-montaj-olacak-e1350646418952-300x225.jpg 300w\" sizes=\"auto, (max-width: 600px) 100vw, 600px\" \/><\/p>\n<p><img loading=\"lazy\" decoding=\"async\" class=\"aligncenter size-full wp-image-109\" src=\"http:\/\/dernek.polisemeklileri.com\/wp-content\/uploads\/2012\/10\/POSOF-\u0130L\u00c7E-EM.-M\u00dcD.-PERSONEL\u0130N-B\u0130R-KISMI-e1350646385196.jpg\" alt=\"\" width=\"600\" height=\"450\" srcset=\"https:\/\/polisemeklileri.com\/tr\/wp-content\/uploads\/2012\/10\/POSOF-\u0130L\u00c7E-EM.-M\u00dcD.-PERSONEL\u0130N-B\u0130R-KISMI-e1350646385196.jpg 600w, https:\/\/polisemeklileri.com\/tr\/wp-content\/uploads\/2012\/10\/POSOF-\u0130L\u00c7E-EM.-M\u00dcD.-PERSONEL\u0130N-B\u0130R-KISMI-e1350646385196-300x225.jpg 300w\" sizes=\"auto, (max-width: 600px) 100vw, 600px\" \/><\/p>\n","protected":false},"excerpt":{"rendered":"<p>Ardahan \u0130li Posof \u0130l\u00e7e Emniyet M\u00fcd\u00fcrl\u00fc\u011f\u00fc 1964 y\u0131l\u0131nda Rize merkezde do\u011fdu. \u0130lk ve orta okulu Rize\u2019de tamamlad\u0131ktan sonra, 1987 y\u0131l\u0131nda girdi\u011fi Elaz\u0131\u011f Polis Okuluna, Polis Memuru olarak mezun oldu. Daha sonra s\u0131ras\u0131yla, Konya, Kars, Trabzon ve Samsun illerinde, emniyetin \u00e7e\u015fitli birimlerinde \u00e7al\u0131\u015ft\u0131. 1998 y\u0131l\u0131nda a\u00e7\u0131lan Komiserlik kursundan, 1999 y\u0131l\u0131nda Komiser Muavini olarak mezun olduktan sonra &hellip;<\/p>\n","protected":false},"author":1,"featured_media":109,"comment_status":"closed","ping_status":"closed","sticky":false,"template":"","format":"standard","meta":{"footnotes":""},"categories":[1,4],"tags":[],"class_list":["post-107","post","type-post","status-publish","format-standard","has-post-thumbnail","","category-genel","category-karakol-amirleri"],"_links":{"self":[{"href":"https:\/\/polisemeklileri.com\/tr\/wp-json\/wp\/v2\/posts\/107","targetHints":{"allow":["GET"]}}],"collection":[{"href":"https:\/\/polisemeklileri.com\/tr\/wp-json\/wp\/v2\/posts"}],"about":[{"href":"https:\/\/polisemeklileri.com\/tr\/wp-json\/wp\/v2\/types\/post"}],"author":[{"embeddable":true,"href":"https:\/\/polisemeklileri.com\/tr\/wp-json\/wp\/v2\/users\/1"}],"replies":[{"embeddable":true,"href":"https:\/\/polisemeklileri.com\/tr\/wp-json\/wp\/v2\/comments?post=107"}],"version-history":[{"count":0,"href":"https:\/\/polisemeklileri.com\/tr\/wp-json\/wp\/v2\/posts\/107\/revisions"}],"wp:featuredmedia":[{"embeddable":true,"href":"https:\/\/polisemeklileri.com\/tr\/wp-json\/wp\/v2\/media\/109"}],"wp:attachment":[{"href":"https:\/\/polisemeklileri.com\/tr\/wp-json\/wp\/v2\/media?parent=107"}],"wp:term":[{"taxonomy":"category","embeddable":true,"href":"https:\/\/polisemeklileri.com\/tr\/wp-json\/wp\/v2\/categories?post=107"},{"taxonomy":"post_tag","embeddable":true,"href":"https:\/\/polisemeklileri.com\/tr\/wp-json\/wp\/v2\/tags?post=107"}],"curies":[{"name":"wp","href":"https:\/\/api.w.org\/{rel}","templated":true}]}}