{"id":112,"date":"2012-10-19T14:39:03","date_gmt":"2012-10-19T11:39:03","guid":{"rendered":"http:\/\/www.polisemeklileriyardimlasmadernegi.com\/?p=112"},"modified":"2012-10-19T14:39:03","modified_gmt":"2012-10-19T11:39:03","slug":"turkiye-birincisi","status":"publish","type":"post","link":"https:\/\/polisemeklileri.com\/tr\/genel\/turkiye-birincisi\/","title":{"rendered":"T\u00dcRK\u0130YE B\u0130R\u0130NC\u0130S\u0130"},"content":{"rendered":"<p>\u0130SPARTA \u0130L EMN\u0130YET M\u00dcD\u00dcRL\u00dc\u011e\u00dc TOPLUM DESTEKL\u0130 POL\u0130SL\u0130K \u015eUBE M\u00dcD\u00dcRL\u00dc\u011e\u00dc<\/p>\n<p>&nbsp;<\/p>\n<p>Emniyet Genel M\u00fcd\u00fcrl\u00fc\u011f\u00fc taraf\u0131ndan her y\u0131l 81 il Emniyet M\u00fcd\u00fcrl\u00fc\u011f\u00fcn\u00fcn Toplum Destekli Polislik \u015eube M\u00fcd\u00fcrl\u00fckleri taraf\u0131ndan y\u00fcr\u00fct\u00fclen projelerinin belirlenen kriterler ( ger\u00e7ekle\u015ftirilebilirli\u011fi, toplumsal huzur ve g\u00fcvenin tesisine katk\u0131s\u0131, g\u00fcvenlik hizmetlerine olan pozitif etkisi, b\u00fct\u00fcn ili kapsayarak ulusal seviyede de y\u00fcr\u00fct\u00fclebilir olmas\u0131, sosyal i\u00e7eri\u011fi yan\u0131 s\u0131ra g\u00fcvenlik hizmetleri a\u00e7\u0131s\u0131ndan da \u00f6nleyici hizmet kalitesi de ta\u015f\u0131mas\u0131) \u00e7er\u00e7evesinde de\u011ferlendirilerek yar\u0131\u015fma d\u00fczenlenmektedir.<\/p>\n<p>&nbsp;<\/p>\n<p>Bu y\u0131l yap\u0131lan de\u011ferlendirme sonucunda \u0130l Emniyet M\u00fcd\u00fcrl\u00fc\u011f\u00fcm\u00fcz Toplum Destekli Polislik \u015eube M\u00fcd\u00fcrl\u00fc\u011f\u00fcnce y\u00fcr\u00fct\u00fclen t\u00fcm projelerin Emniyet Genel M\u00fcd\u00fcrl\u00fc\u011f\u00fc taraf\u0131ndan belirlenen kriterleri eksiksiz olarak yerine getirerek T\u00fcrkiye birincisi olmaya hak kazanarak \u00f6d\u00fcl\u00fcn\u00fc <strong>\u0130\u00e7i\u015fleri Bakan\u0131m\u0131z Say\u0131n \u0130dris Naim \u015eAH\u0130N<\/strong> den alm\u0131\u015ft\u0131r..<\/p>\n<p><img loading=\"lazy\" decoding=\"async\" class=\"aligncenter size-full wp-image-113\" alt=\"\" src=\"http:\/\/dernek.polisemeklileri.com\/wp-content\/uploads\/2012\/10\/toplum-destekli-polislik.jpg\" width=\"600\" height=\"431\" srcset=\"https:\/\/polisemeklileri.com\/tr\/wp-content\/uploads\/2012\/10\/toplum-destekli-polislik.jpg 600w, https:\/\/polisemeklileri.com\/tr\/wp-content\/uploads\/2012\/10\/toplum-destekli-polislik-300x216.jpg 300w\" sizes=\"auto, (max-width: 600px) 100vw, 600px\" \/><\/p>\n<p><strong>Toplum Destekli Polislik \u015eubemiz sosyal sorumluluk alan\u0131nda &#8220;Okulcanlar&#8221;, &#8220;G\u00fclen Y\u00fczler&#8221;, &#8220;G\u00f6n\u00fcl K\u00f6pr\u00fcs\u00fc&#8221;, &#8220;Ge\u00e7mi\u015fe Sahip, Gelece\u011fe \u00dcmit&#8221; ve &#8220;\u0130nternet Sokaktan Farks\u0131z&#8221; gibi bir \u00e7ok ba\u015far\u0131l\u0131 projeye imza atm\u0131\u015ft\u0131r.<\/strong><\/p>\n<p>&nbsp;<\/p>\n<p><img loading=\"lazy\" decoding=\"async\" class=\"aligncenter size-full wp-image-114\" alt=\"\" src=\"http:\/\/dernek.polisemeklileri.com\/wp-content\/uploads\/2012\/10\/toplum-destekli-polislik-2.jpg\" width=\"601\" height=\"391\" srcset=\"https:\/\/polisemeklileri.com\/tr\/wp-content\/uploads\/2012\/10\/toplum-destekli-polislik-2.jpg 601w, https:\/\/polisemeklileri.com\/tr\/wp-content\/uploads\/2012\/10\/toplum-destekli-polislik-2-300x195.jpg 300w\" sizes=\"auto, (max-width: 601px) 100vw, 601px\" \/><\/p>\n","protected":false},"excerpt":{"rendered":"<p>ISPARTA \u0130L EMN\u0130YET M\u00dcD\u00dcRL\u00dc\u011e\u00dc TOPLUM DESTEKL\u0130 POL\u0130SL\u0130K \u015eUBE M\u00dcD\u00dcRL\u00dc\u011e\u00dc<\/p>\n","protected":false},"author":1,"featured_media":113,"comment_status":"closed","ping_status":"open","sticky":false,"template":"","format":"standard","meta":{"footnotes":""},"categories":[5,1,6],"tags":[],"class_list":["post-112","post","type-post","status-publish","format-standard","has-post-thumbnail","","category-etkinlikler","category-genel","category-haberler"],"_links":{"self":[{"href":"https:\/\/polisemeklileri.com\/tr\/wp-json\/wp\/v2\/posts\/112","targetHints":{"allow":["GET"]}}],"collection":[{"href":"https:\/\/polisemeklileri.com\/tr\/wp-json\/wp\/v2\/posts"}],"about":[{"href":"https:\/\/polisemeklileri.com\/tr\/wp-json\/wp\/v2\/types\/post"}],"author":[{"embeddable":true,"href":"https:\/\/polisemeklileri.com\/tr\/wp-json\/wp\/v2\/users\/1"}],"replies":[{"embeddable":true,"href":"https:\/\/polisemeklileri.com\/tr\/wp-json\/wp\/v2\/comments?post=112"}],"version-history":[{"count":0,"href":"https:\/\/polisemeklileri.com\/tr\/wp-json\/wp\/v2\/posts\/112\/revisions"}],"wp:featuredmedia":[{"embeddable":true,"href":"https:\/\/polisemeklileri.com\/tr\/wp-json\/wp\/v2\/media\/113"}],"wp:attachment":[{"href":"https:\/\/polisemeklileri.com\/tr\/wp-json\/wp\/v2\/media?parent=112"}],"wp:term":[{"taxonomy":"category","embeddable":true,"href":"https:\/\/polisemeklileri.com\/tr\/wp-json\/wp\/v2\/categories?post=112"},{"taxonomy":"post_tag","embeddable":true,"href":"https:\/\/polisemeklileri.com\/tr\/wp-json\/wp\/v2\/tags?post=112"}],"curies":[{"name":"wp","href":"https:\/\/api.w.org\/{rel}","templated":true}]}}