{"id":1221,"date":"2019-02-26T12:41:44","date_gmt":"2019-02-26T09:41:44","guid":{"rendered":"http:\/\/polisemeklileri.com\/tr\/?p=1221"},"modified":"2019-02-26T12:41:44","modified_gmt":"2019-02-26T09:41:44","slug":"sakaryayi-17-agustostan-biliyorum","status":"publish","type":"post","link":"https:\/\/polisemeklileri.com\/tr\/il-emniyet-mudurlerimiz\/sakaryayi-17-agustostan-biliyorum\/","title":{"rendered":"Sakarya&#8217;y\u0131 17 Agustos&#8217;tan biliyorum"},"content":{"rendered":"<p>&#8220;Bayra\u011f\u0131m\u0131z\u0131n dalgaland\u0131\u011f\u0131 her yer vatand\u0131r.<br \/>\n<img loading=\"lazy\" decoding=\"async\" class=\" wp-image-1223 alignleft\" src=\"http:\/\/polisemeklileri.com\/tr\/wp-content\/uploads\/2019\/02\/sakaryayi-biliyorum.jpg\" alt=\"\" width=\"291\" height=\"273\" srcset=\"https:\/\/polisemeklileri.com\/tr\/wp-content\/uploads\/2019\/02\/sakaryayi-biliyorum.jpg 515w, https:\/\/polisemeklileri.com\/tr\/wp-content\/uploads\/2019\/02\/sakaryayi-biliyorum-300x281.jpg 300w\" sizes=\"auto, (max-width: 291px) 100vw, 291px\" \/>Sakarya&#8217;y\u0131 17 A\u011fustos 1999 depreminde g\u00f6rd\u00fc\u011f\u00fcn\u00fc ifade eden Kaya; &#8220;17 A\u011fustos 1999&#8217;da Tuzla&#8217;da Aste\u011fmen olarak g\u00f6rev yap\u0131yordum. Depremin ya\u015fanmas\u0131n\u0131n ard\u0131ndan memleketime giderken, Adapazar\u0131&#8217;n\u0131n i\u00e7erisinden ge\u00e7tim.<br \/>\nAdapazar\u0131&#8217;n\u0131n o halini g\u00f6rd\u00fc\u011f\u00fcmde \u00e7ok \u00fcz\u00fclm\u00fc\u015ft\u00fcm. Bug\u00fcn Sakarya \u0130l Emniyet M\u00fcd\u00fcrl\u00fc\u011f\u00fc g\u00f6revine getirilmem bana o g\u00fcnleri hat\u0131rlatt\u0131. \u0130n\u015fallah Sakarya&#8217;da \u00e7ok iyi i\u015fler yapaca\u011f\u0131z&#8221; ifadelerinde bulundu.<br \/>\n1990 Y\u0131l\u0131nda Polis Akademisinden mezun olmu\u015ftur. Daha sonra, Hukuk Fak\u00fcltesini bitirirerek, TODAIE&#8217; de Kamu Y\u00f6netimi y\u00fcksek lisans\u0131 yapm\u0131\u015ft\u0131r. Ankara, I\u011fd\u0131r, Konya, Elaz\u0131\u011f \u0130l Emniyet M\u00fcd\u00fcrl\u00fc\u011f\u00fcnde \u00c7e\u015fitli g\u00f6revlerde \u00e7al\u0131\u015fm\u0131\u015ft\u0131r. De\u011fi\u015fik meslek kurslar\u0131na kat\u0131lm\u0131\u015f, bir \u00e7ok e\u011fitimde e\u011fitici olarak g\u00f6rev alm\u0131\u015ft\u0131r. Asayi\u015f Daire Ba\u015fkan Yard\u0131mc\u0131s\u0131<br \/>\ng\u00f6revini y\u00fcr\u00fctmekte iken 1. S\u0131n\u0131f Emniyet m\u00fcd\u00fcrl\u00fc\u011f\u00fcne terfi etmi\u015ftir. Tefti\u015f Kurulu Ba\u015fkanl\u0131\u011f\u0131nda Polis Ba\u015fm\u00fcfetti\u015fi olarak g\u00f6revini y\u00fcr\u00fct\u00fcrken 20 Ocak 2015 tarihinde Bitlis \u0130l<br \/>\nEmniyet M\u00fcd\u00fcr\u00fc atanm\u0131\u015ft\u0131r.<br \/>\nSay\u0131n M\u00fcd\u00fcr\u00fcm\u00fcz 20 A\u011fustos 2017 tarihli kararnameyle Sakarya \u0130l Emniyet M\u00fcd\u00fcr\u00fc olarak atanm\u0131\u015ft\u0131r.<\/p>\n","protected":false},"excerpt":{"rendered":"<p>Bitlis Emniyet M\u00fcd\u00fcr iken Drone la K\u00f6y Korucular\u0131na Tatl\u0131 G\u00f6ndermesiyle Tan\u0131nan Fatih Kaya Sakarya\u2019da.<\/p>\n","protected":false},"author":1,"featured_media":1222,"comment_status":"closed","ping_status":"open","sticky":false,"template":"","format":"standard","meta":{"footnotes":""},"categories":[2],"tags":[],"class_list":["post-1221","post","type-post","status-publish","format-standard","has-post-thumbnail","","category-il-emniyet-mudurlerimiz"],"_links":{"self":[{"href":"https:\/\/polisemeklileri.com\/tr\/wp-json\/wp\/v2\/posts\/1221","targetHints":{"allow":["GET"]}}],"collection":[{"href":"https:\/\/polisemeklileri.com\/tr\/wp-json\/wp\/v2\/posts"}],"about":[{"href":"https:\/\/polisemeklileri.com\/tr\/wp-json\/wp\/v2\/types\/post"}],"author":[{"embeddable":true,"href":"https:\/\/polisemeklileri.com\/tr\/wp-json\/wp\/v2\/users\/1"}],"replies":[{"embeddable":true,"href":"https:\/\/polisemeklileri.com\/tr\/wp-json\/wp\/v2\/comments?post=1221"}],"version-history":[{"count":1,"href":"https:\/\/polisemeklileri.com\/tr\/wp-json\/wp\/v2\/posts\/1221\/revisions"}],"predecessor-version":[{"id":1224,"href":"https:\/\/polisemeklileri.com\/tr\/wp-json\/wp\/v2\/posts\/1221\/revisions\/1224"}],"wp:featuredmedia":[{"embeddable":true,"href":"https:\/\/polisemeklileri.com\/tr\/wp-json\/wp\/v2\/media\/1222"}],"wp:attachment":[{"href":"https:\/\/polisemeklileri.com\/tr\/wp-json\/wp\/v2\/media?parent=1221"}],"wp:term":[{"taxonomy":"category","embeddable":true,"href":"https:\/\/polisemeklileri.com\/tr\/wp-json\/wp\/v2\/categories?post=1221"},{"taxonomy":"post_tag","embeddable":true,"href":"https:\/\/polisemeklileri.com\/tr\/wp-json\/wp\/v2\/tags?post=1221"}],"curies":[{"name":"wp","href":"https:\/\/api.w.org\/{rel}","templated":true}]}}