{"id":1225,"date":"2019-02-26T12:50:31","date_gmt":"2019-02-26T09:50:31","guid":{"rendered":"http:\/\/polisemeklileri.com\/tr\/?p=1225"},"modified":"2019-02-26T12:50:31","modified_gmt":"2019-02-26T09:50:31","slug":"guvenlik-daire-baskanligindan-burdur-il-emniyet-mudurlugune","status":"publish","type":"post","link":"https:\/\/polisemeklileri.com\/tr\/il-emniyet-mudurlerimiz\/guvenlik-daire-baskanligindan-burdur-il-emniyet-mudurlugune\/","title":{"rendered":"G\u00fcvenlik Daire Ba\u015fkanl\u0131\u011f\u0131ndan, Burdur \u0130l Emniyet M\u00fcd\u00fcrl\u00fc\u011f\u00fcne"},"content":{"rendered":"<p>\u201cT\u00fcm tedbirler Burdur halk\u0131n\u0131n g\u00fcvenli\u011fi i\u00e7in<br \/>\n<img loading=\"lazy\" decoding=\"async\" class=\"wp-image-1227 alignleft\" src=\"http:\/\/polisemeklileri.com\/tr\/wp-content\/uploads\/2019\/02\/guvenlik.jpg\" alt=\"\" width=\"300\" height=\"279\" srcset=\"https:\/\/polisemeklileri.com\/tr\/wp-content\/uploads\/2019\/02\/guvenlik.jpg 465w, https:\/\/polisemeklileri.com\/tr\/wp-content\/uploads\/2019\/02\/guvenlik-300x279.jpg 300w\" sizes=\"auto, (max-width: 300px) 100vw, 300px\" \/>\u0130l Emniyet M\u00fcd\u00fcr\u00fc Arif \u00c7ankal; \u201cBurdur g\u00fczel bir \u015fehir. Huzur \u015fehri dedikleri kadar var. Ger\u00e7ekten huzurlu, insanlar\u0131 birbirine sayg\u0131l\u0131 \u015firin bir \u015fehir. Burdur\u2019dan \u00f6nce bir\u00e7ok \u015fehirde g\u00f6rev yapt\u0131m. \u00d6zellikle Do\u011fu illerinde yapt\u0131\u011f\u0131m g\u00f6revler ve olaylar sonras\u0131nda Burdur bana \u00e7ok sakin geldi. Burdur\u2019da sadece trafik sorunu \u00e7ok yo\u011fun. K\u00fc\u00e7\u00fck bir \u015fehir ama ara\u00e7 say\u0131s\u0131 \u00e7ok fazla. O y\u00fczden park sorunlar \u0131 ve trafik ak\u0131\u015f\u0131n\u0131 aksatmalar \u00e7ok ya\u015fan\u0131yor.<br \/>\nBir de alkoll\u00fc ve h\u0131zl\u0131 ara\u00e7 kullan\u0131m\u0131 \u00e7ok fazla. Biz de bunlarla ilgili \u00f6nlemlerimizi al\u0131yoruz. \u0130lk geldi\u011fim d\u00f6nemlerde ald\u0131\u011f\u0131m asayi\u015f tedbirleri Burdur halk\u0131 taraf\u0131ndan yad\u0131rganm\u0131\u015ft\u0131.<br \/>\nHer ne kadar k\u00fc\u00e7\u00fck \u015fehir, sakin \u015fehir desek te biz tedbirlerimizi almak zorunday\u0131z. O y\u00fczden her g\u00fcn ak\u015fam devriyelerimiz g\u00f6rev yap\u0131yor. Yol kontrollerimiz de s\u0131k\u0131 denetimlerimiz var. \u00c7\u00fcnk\u00fc; Burdur Antalya ve Mu\u011fla illerine ge\u00e7i\u015f g\u00fczerg\u00e2h\u0131nda. O yoldan ge\u00e7en herhangi bir su\u00e7luyu biz g\u00f6zden ka\u00e7\u0131r\u0131rsak ve gitti\u011fi \u015fehre zarar verirse o \u015fehrin vebalini biz de ta\u015f\u0131r\u0131z. \u00c7\u00fcnk\u00fc; bizim g\u00fczerg\u00e2h\u0131m\u0131zdan ge\u00e7erek o \u015fehre ula\u015facak. Arkada\u015flar\u0131m\u0131z ger\u00e7ekten \u00e7ok fed\u00e2karca \u00e7al\u0131\u015f\u0131yorlar. Burada g\u00f6rev yapan Emniyet mensubu arkada\u015flar\u0131m\u0131z hep \u00e7ift g\u00f6rev yap\u0131yor. Mesaisi bittikten sonra devriyeye \u00e7\u0131k\u0131yor. O y\u00fczden t\u00fcm personelime \u00f6zverili \u00e7al\u0131\u015fmalar\u0131ndan dolay\u0131 te\u015fekk\u00fcr ediyorum.<br \/>\nAR\u0130F \u00c7ANKAL K\u0130MD\u0130R?<br \/>\nSay\u0131n Arif \u00c7ANKAL, 1966 y\u0131l\u0131nda K\u0131r\u0131kkale\u2019de do\u011fdu. 1989 y\u0131l\u0131nda Polis Akademisi\u2019nden mezun olduktan sonra ilk g\u00f6rev yeri olan G\u00fcvenlik Daire Ba\u015fkanl\u0131\u011f\u0131\u2019nda Komiser Yard\u0131mc\u0131s\u0131 olarak g\u00f6reve ba\u015flad\u0131.<br \/>\n1998 \u2013 1999 y\u0131llar\u0131 aras\u0131nda Ter\u00f6rle M\u00fccadele Daire Ba\u015fkanl\u0131\u011f\u0131\u2019nda, 1999 \u2013 2002 y\u0131llar\u0131 aras\u0131nda Mu\u015f ilinde Ter\u00f6rle M\u00fccadele \u015eube M\u00fcd\u00fcrl\u00fc\u011f\u00fc ve G\u00fcvenlik \u015eube M\u00fcd\u00fcrl\u00fc\u011f\u00fc\u2019nde, 2002 \u2013 2012 y\u0131llar\u0131 aras\u0131nda Ter\u00f6rle M\u00fccadele Daire Ba\u015fkanl\u0131\u011f\u0131\u2019nda farkl\u0131 r\u00fctbelerde g\u00f6rev yapt\u0131. \u00c7al\u0131\u015ft\u0131\u011f\u0131 birimlerle ilgili olarak \u00e7o\u011funlu\u011fu Ter\u00f6rle M\u00fccadele olmak \u00fczere bir\u00e7ok uzmanl\u0131k kursu ald\u0131 ve bu konularla ilgili olarak bir\u00e7ok e\u011fitim verdi.<br \/>\n2012 y\u0131l\u0131nda 1. S\u0131n\u0131f Emniyet M\u00fcd\u00fcrl\u00fc\u011f\u00fcne terfi etti. 2013 y\u0131l\u0131 Aral\u0131k ay\u0131na kadar Tefti\u015f Kurulu Ba\u015fkanl\u0131\u011f\u0131\u2019nda Polis Ba\u015fm\u00fcfetti\u015fi g\u00f6revini y\u00fcr\u00fctt\u00fc. 20 Aral\u0131k 2013 tarihinde<br \/>\nG\u00fcvenlik Daire Ba\u015fkanl\u0131\u011f\u0131 g\u00f6revine getirildi. G\u00fcvenlik Daire Ba\u015fkan\u0131 olarak 44 ay g\u00f6rev yapt\u0131ktan sonra \u0130\u00e7i\u015fleri Bakanl\u0131\u011f\u0131\u2019n\u0131n 19.08.2017 tarihli Kararnamesi ile Burdur \u0130l Emniyet M\u00fcd\u00fcr\u00fc olarak atanm\u0131\u015ft\u0131r. Ayn\u0131 zamanda Kamu Y\u00f6netimi mezunu olan Say\u0131n \u00c7ANKAL evli ve iki \u00e7ocuk babas\u0131d\u0131r.<\/p>\n","protected":false},"excerpt":{"rendered":"<p>Ayn\u0131 zamanda iyi bir Ter\u00f6r Uzman\u0131 olan Say n Arif \u00c7ANKAL, konusunda iyi bir de e\u011fitimci.<\/p>\n","protected":false},"author":1,"featured_media":1226,"comment_status":"closed","ping_status":"open","sticky":false,"template":"","format":"standard","meta":{"footnotes":""},"categories":[2],"tags":[],"class_list":["post-1225","post","type-post","status-publish","format-standard","has-post-thumbnail","","category-il-emniyet-mudurlerimiz"],"_links":{"self":[{"href":"https:\/\/polisemeklileri.com\/tr\/wp-json\/wp\/v2\/posts\/1225","targetHints":{"allow":["GET"]}}],"collection":[{"href":"https:\/\/polisemeklileri.com\/tr\/wp-json\/wp\/v2\/posts"}],"about":[{"href":"https:\/\/polisemeklileri.com\/tr\/wp-json\/wp\/v2\/types\/post"}],"author":[{"embeddable":true,"href":"https:\/\/polisemeklileri.com\/tr\/wp-json\/wp\/v2\/users\/1"}],"replies":[{"embeddable":true,"href":"https:\/\/polisemeklileri.com\/tr\/wp-json\/wp\/v2\/comments?post=1225"}],"version-history":[{"count":1,"href":"https:\/\/polisemeklileri.com\/tr\/wp-json\/wp\/v2\/posts\/1225\/revisions"}],"predecessor-version":[{"id":1228,"href":"https:\/\/polisemeklileri.com\/tr\/wp-json\/wp\/v2\/posts\/1225\/revisions\/1228"}],"wp:featuredmedia":[{"embeddable":true,"href":"https:\/\/polisemeklileri.com\/tr\/wp-json\/wp\/v2\/media\/1226"}],"wp:attachment":[{"href":"https:\/\/polisemeklileri.com\/tr\/wp-json\/wp\/v2\/media?parent=1225"}],"wp:term":[{"taxonomy":"category","embeddable":true,"href":"https:\/\/polisemeklileri.com\/tr\/wp-json\/wp\/v2\/categories?post=1225"},{"taxonomy":"post_tag","embeddable":true,"href":"https:\/\/polisemeklileri.com\/tr\/wp-json\/wp\/v2\/tags?post=1225"}],"curies":[{"name":"wp","href":"https:\/\/api.w.org\/{rel}","templated":true}]}}