{"id":125,"date":"2012-10-19T14:51:42","date_gmt":"2012-10-19T11:51:42","guid":{"rendered":"http:\/\/www.polisemeklileriyardimlasmadernegi.com\/?p=125"},"modified":"2012-10-19T14:51:42","modified_gmt":"2012-10-19T11:51:42","slug":"guvenli-egitim-isbirligi-projesi","status":"publish","type":"post","link":"https:\/\/polisemeklileri.com\/tr\/genel\/guvenli-egitim-isbirligi-projesi\/","title":{"rendered":"G\u00dcVENL\u0130 E\u011e\u0130T\u0130M \u0130\u015eB\u0130RL\u0130\u011e\u0130 PROJES\u0130"},"content":{"rendered":"<p align=\"center\">\u201cG\u00fcller ve G\u00f6ller \u015eehri\u201d olarak tan\u0131nan ve binlerce y\u0131ll\u0131k tarihe sahip olan Isparta; k\u00fclt\u00fcr\u00fcyle, ekonomisiyle, turistik ve do\u011fal g\u00fczellikleriyle Bat\u0131 Akdeniz B\u00f6lgesinin en g\u00f6zde illerinden birisidir. \u0130limiz e\u011fitimden sa\u011fl\u0131\u011fa, tar\u0131mdan turizme, alt yap\u0131dan g\u00fcvenlik hizmetlerine kadar t\u00fcm sekt\u00f6rlerde g\u00f6sterdi\u011fi geli\u015fimiyle \u00fclkemizin en ya\u015fanabilir kentleri s\u0131ralamas\u0131nda \u00fc\u00e7\u00fcnc\u00fc olarak hakl\u0131 bir gurur ya\u015famaktad\u0131r.<\/p>\n<p>\u00a0\u00a0\u00a0\u00a0\u00a0\u00a0\u00a0 \u00dclkemizin son y\u0131llarda ekonomi ve d\u0131\u015f politikada izledi\u011fi aktif politikalar bug\u00fcn i\u015f d\u00fcnyas\u0131n\u0131n ve yabanc\u0131 sermaye kurulu\u015flar\u0131n\u0131n da dikkatini \u00e7ekerek yat\u0131r\u0131mlar\u0131n\u0131 \u2018G\u00fcvenli Liman\u2019a ta\u015f\u0131mas\u0131na neden olmu\u015ftur. D\u00fcnyam\u0131zda g\u00fcvenli\u011fin sa\u011flanamad\u0131\u011f\u0131, \u00f6zg\u00fcrl\u00fcklerin kanunlar \u00e7er\u00e7evesinde g\u00fcvence alt\u0131na al\u0131namad\u0131\u011f\u0131 \u00fclkeler fakirlik ve i\u00e7 kar\u0131\u015f\u0131kl\u0131klar ile me\u015fgul olmaktad\u0131r. Buna kar\u015f\u0131n \u00fclkemiz dinamik \u00f6zel sekt\u00f6r\u00fcyle, b\u00f6lgesel kalk\u0131nma ajanslar\u0131yla ve \u00fcreten geli\u015ftiren d\u00fcnyaya a\u00e7\u0131lan pencerelerimiz olan \u00f6zg\u00fcr \u00fcniversitelerimiz ile kalk\u0131nma hamlesine b\u00fcy\u00fck bir h\u0131zla devam etmektedir. Kalk\u0131nma hamlesinde b\u00fcy\u00fck pay sahibi olan \u00fcniversitelerimizin say\u0131s\u0131 son on y\u0131lda \u00e7\u0131\u011f gibi b\u00fcy\u00fcyerek 81 ilimiz de \u00f6\u011frenci kabul eder hale gelmi\u015ftir.<\/p>\n<p>\u0130limiz \u00f6zelinde konuyu de\u011ferlendirdi\u011fimizde Isparta S\u00fcleyman Demirel \u00dcniversitemiz 50.000 \u00f6\u011frencisiyle ve 5000 nitelikli akademisyen kadrosuyla ilimiz ekonomisine ve sosyal hayat\u0131na b\u00fcy\u00fck katk\u0131 sa\u011flamaktad\u0131r. Sa\u011flanan bu zenginlik Emniyet M\u00fcd\u00fcrl\u00fc\u011f\u00fcm\u00fcz\u00fcn vatanda\u015flar\u0131m\u0131za sundu\u011fu kaliteli ve kat\u0131l\u0131mc\u0131 g\u00fcvenlik hizmeti ile ta\u00e7lanm\u0131\u015f ve bizleri Isparta y\u0131 <strong>En G\u00fcvenli E\u011fitim \u015fehri<\/strong>ne d\u00f6n\u00fc\u015ft\u00fcrme amac\u0131na y\u00f6neltmi\u015ftir.<\/p>\n<p>Amac\u0131m\u0131z do\u011frultusunda \u00fcniversitemizin y\u00f6netim kadrosu, \u00f6\u011frenci konseyi ve kul\u00fcpleri ile bir araya gelerek 2010\u20132011 E\u011fitim ve \u00d6\u011fretim d\u00f6neminde <strong>Polis-\u00dcniversite, Bilimsel Ara\u015ft\u0131rma, Geli\u015ftirme ve Bilimsel Uygulama Projesi<\/strong> hayata ge\u00e7irilmi\u015ftir.<\/p>\n<p>Proje i\u00e7eri\u011finde; \u00fcniversite kamp\u00fcs\u00fc i\u00e7indeki e\u011fitim ve \u00f6\u011fretim alanlar\u0131 d\u0131\u015f\u0131nda kalan belirlenmi\u015f bir alan\u0131n, \u00f6\u011frencilerin \u015fiddet d\u00fcrt\u00fclerini \u00f6nleyecek \u015fekilde, b\u00fct\u00fcn talep, d\u00fc\u015f\u00fcnce ve isteklerini anlatabilecekleri, sanatsal, resim ve yaz\u0131 yazabilecekleri, duygu ve hislerini aktarabilecekleri, d\u00fc\u015f\u00fcncelerini konu\u015fabilecekleri demokratik ve sosyal etkinliklerin k\u0131s\u0131tlanmayaca\u011f\u0131 \u00f6zg\u00fcr alan ve duvarlar\u0131n olu\u015fturulmas\u0131 ba\u015flang\u0131\u00e7 noktas\u0131 olmu\u015ftur.<\/p>\n<p>&#8211; Sosyoloji B\u00f6l\u00fcm\u00fc ile Isparta Emniyet M\u00fcd\u00fcrl\u00fc\u011f\u00fc, hizmet kalitesinin \u00f6l\u00e7\u00fcm\u00fc i\u00e7in Sosyoloji B\u00f6l\u00fcm Ba\u015fkanl\u0131\u011f\u0131 akademisyenlerince haz\u0131rlanan ve \u00f6\u011frenciler taraf\u0131ndan Emniyet M\u00fcd\u00fcrl\u00fc\u011f\u00fcnden ba\u011f\u0131ms\u0131z \u015fekilde \u201cVatanda\u015f Memnuniyet Anketi\u201d ger\u00e7ekle\u015ftirilmi\u015f ve % 90 l\u0131k bir g\u00fcven oran\u0131 yine akademisyenlerin anket analiz de\u011ferlendirmeleriyle ortaya \u00e7\u0131km\u0131\u015f,<\/p>\n<p>&nbsp;<\/p>\n<p>-Trafik kazalar\u0131n\u0131n \u00f6nlenmesi konusunda Emniyet M\u00fcd\u00fcrl\u00fc\u011f\u00fcm\u00fcz Trafik Denetleme \u015eube M\u00fcd\u00fcrl\u00fc\u011f\u00fc ve SD\u00dc End\u00fcstri M\u00fchendisli\u011fi b\u00f6l\u00fcm\u00fcyle yap\u0131lan TUB\u0130TAK Proje \u00e7al\u0131\u015fmas\u0131 T\u00fcrkiye birincili\u011fine lay\u0131k g\u00f6r\u00fclm\u00fc\u015f,<\/p>\n<p>&nbsp;<\/p>\n<p>-Emniyet M\u00fcd\u00fcrl\u00fc\u011f\u00fcnce y\u00fcr\u00fct\u00fclen \u201c ilk\u00f6\u011fretim ve liselerde \u00f6\u011fretimde g\u00fcvenli e\u011fitim\u201d\u00a0 ama\u00e7l\u0131 \u201c Okulcanlar \u201c isimli Milli E\u011fitim Bakanl\u0131\u011f\u0131\u2019nca da \u00fclke genelinde \u00f6rnek proje olarak g\u00f6sterilen \u00e7al\u0131\u015fmada; Emniyet M\u00fcd\u00fcrl\u00fc\u011f\u00fc ve S\u00fcleyman Demirel \u00dcniversitesi ortak payda\u015flar olarak \u00e7al\u0131\u015fma yaparak, her fak\u00fclte bir karde\u015f ilk\u00f6\u011fretim okulu se\u00e7erek ilk\u00f6\u011fretim okullar\u0131m\u0131zdaki \u00f6\u011frencilerimizin geli\u015fim, kariyer belirleme ve ilerideki meslek se\u00e7imleri konusunda bilgilendirilmeye ba\u015flam\u0131\u015flard\u0131r.<\/p>\n<p>&nbsp;<\/p>\n<p>-SD\u00dc \u00d6\u011frenci Konseyi taraf\u0131ndan d\u00fczenlenen \u201cUlusal \u00d6\u011frenci Konseyi Ba\u015fkanlar\u0131 Genel Kurulu\u201d 71 (yetmi\u015f bir) \u00dcniversite \u00d6\u011frenci Konseyi ba\u015fkanlar\u0131n\u0131n kat\u0131l\u0131m\u0131yla d\u00fczenlenmi\u015f, bu etkinli\u011fe kat\u0131lan Konsey ba\u015fkanlar\u0131 \u0130l Emniyet M\u00fcd\u00fcr\u00fcm\u00fcz\u00fcn davetine icabet ederek ilimizde \u00fcniversitemiz ile y\u00fcr\u00fctt\u00fc\u011f\u00fcm\u00fcz projemiz hakk\u0131nda bilgi sahibi olmu\u015ftur. Konsey ba\u015fkanlar\u0131 projenin kendi illerinde de uygulanabilir oldu\u011funu belirterek illerindeki y\u00f6neticileri Isparta Modeli hakk\u0131nda bilgilendirerek benzer uygulaman\u0131n kendi illerinde de hayata ge\u00e7irilmesi i\u00e7in \u00e7aba g\u00f6stereceklerini belirtmi\u015flerdir.<\/p>\n<p>&nbsp;<\/p>\n<p>Ge\u00e7ti\u011fimiz y\u0131l S\u00fcleyman Demirel \u00dcniversitesi ile sa\u011flanan bu diyalog, ortak \u00e7al\u0131\u015fma ve proje geli\u015ftirme \u00e7al\u0131\u015fmalar\u0131 \u00fcniversite i\u00e7erisinde ve bunun paralelinde \u00f6\u011frencilerin ya\u015fam alan\u0131 olan ilimiz genelinde, \u00f6\u011frencilerin kar\u0131\u015ft\u0131\u011f\u0131 olaylar\u0131n minimal d\u00fczeyde kalmas\u0131 sa\u011flanm\u0131\u015ft\u0131r.<\/p>\n<p>SD\u00dc \u00d6\u011frenci Konseyi \u00fcyeleri Emniyet M\u00fcd\u00fcrl\u00fc\u011f\u00fcm\u00fcz\u00fcn \u00fcniversitemize katk\u0131lar\u0131ndan duydu\u011fu memnuniyet neticesinde t\u00fcm \u00f6\u011frenci arkada\u015flar\u0131 ad\u0131na Say\u0131n M\u00fcd\u00fcr\u00fcm\u00fcz Ahmet Zeki G\u00dcRKAN a \u00d6\u011frenci Konseyinin Onursal Ba\u015fkanl\u0131\u011f\u0131 unvan\u0131n\u0131 vermi\u015ftir.<\/p>\n<p>2011-2012 E\u011fitim ve \u00d6\u011fretim y\u0131l\u0131nda S\u00fcleyman Demirel \u00dcniversitesi ile yap\u0131lmas\u0131 planlanan aktivitelerin ve yeni projeleri de\u011ferlendirmek \u00fczere T\u00fcrkiye \u00d6\u011frenci Konseyi \u00fcyeleri Say\u0131n M\u00fcd\u00fcr\u00fcm\u00fcz\u00fcn davetlisi olarak kahvalt\u0131l\u0131 sohbet toplant\u0131s\u0131nda bir araya geldi.<\/p>\n<p>Toplant\u0131da bir konu\u015fma yapan \u0130l Emniyet M\u00fcd\u00fcr\u00fcm\u00fcz Say\u0131n Ahmet Zeki G\u00dcRKAN Emniyet M\u00fcd\u00fcrl\u00fc\u011f\u00fcm\u00fcz ve SD\u00dc Rekt\u00f6rl\u00fc\u011f\u00fc ile birlikte \u00f6zg\u00fcr d\u00fc\u015f\u00fcncenin g\u00fcvenli yerde ifade edilebilece\u011fi yakla\u015f\u0131m\u0131ndan hareketle \u2018G\u00fcvenlik ve \u00d6zg\u00fcrl\u00fck \u00fcn birbirlerini tamamlayan kavramlar oldu\u011funa de\u011finerek \u00dcniversite i\u00e7erisinde gelece\u011fimizin teminat\u0131 gen\u00e7lerimizin ya\u015fam kalitelerinin art\u0131r\u0131lmas\u0131n\u0131 hedeflendi\u011fini belirtmi\u015ftir. Ge\u00e7ti\u011fimiz y\u0131l \u00fcniversitemiz ile sa\u011flanan sinerji nin kendisini olduk\u00e7a memnun etti\u011fini, bu y\u0131lda bu \u00e7al\u0131\u015fmalar\u0131n artarak devam edece\u011fini belirtmi\u015ftir. \u00d6\u011frencilerin sorunlar\u0131n\u0131, g\u00f6r\u00fc\u015f ve \u00f6nerilerini dinleyen \u0130l Emniyet M\u00fcd\u00fcr\u00fcm\u00fcz bu y\u0131l T\u00fcrk D\u00fcnyas\u0131 ve Akraba Topluluklar\u0131na mensup \u00f6\u011frencilerimize y\u00f6nelik yeni bir \u00e7al\u0131\u015fma ba\u015flatt\u0131klar\u0131n\u0131 a\u00e7\u0131klad\u0131.<\/p>\n<p>Toplant\u0131 planlanan proje ve i\u015f birli\u011fi\u00a0 sunumlar\u0131 ile sona erdi\u2026\u2026.<\/p>\n<p><img loading=\"lazy\" decoding=\"async\" class=\"aligncenter size-full wp-image-127\" alt=\"\" src=\"http:\/\/dernek.polisemeklileri.com\/wp-content\/uploads\/2012\/10\/g\u00fcvenli-egitim-projesi.jpg\" width=\"448\" height=\"261\" srcset=\"https:\/\/polisemeklileri.com\/tr\/wp-content\/uploads\/2012\/10\/g\u00fcvenli-egitim-projesi.jpg 448w, https:\/\/polisemeklileri.com\/tr\/wp-content\/uploads\/2012\/10\/g\u00fcvenli-egitim-projesi-300x175.jpg 300w\" sizes=\"auto, (max-width: 448px) 100vw, 448px\" \/><\/p>\n<p><img loading=\"lazy\" decoding=\"async\" class=\"aligncenter size-full wp-image-128\" alt=\"\" src=\"http:\/\/dernek.polisemeklileri.com\/wp-content\/uploads\/2012\/10\/g\u00fcvenli-egitim-projesi-1.jpg\" width=\"448\" height=\"239\" srcset=\"https:\/\/polisemeklileri.com\/tr\/wp-content\/uploads\/2012\/10\/g\u00fcvenli-egitim-projesi-1.jpg 448w, https:\/\/polisemeklileri.com\/tr\/wp-content\/uploads\/2012\/10\/g\u00fcvenli-egitim-projesi-1-300x160.jpg 300w, https:\/\/polisemeklileri.com\/tr\/wp-content\/uploads\/2012\/10\/g\u00fcvenli-egitim-projesi-1-310x165.jpg 310w\" sizes=\"auto, (max-width: 448px) 100vw, 448px\" \/><\/p>\n<p><img loading=\"lazy\" decoding=\"async\" class=\"aligncenter size-full wp-image-129\" alt=\"\" src=\"http:\/\/dernek.polisemeklileri.com\/wp-content\/uploads\/2012\/10\/g\u00fcvenli-egitim-projesi-2.jpg\" width=\"448\" height=\"239\" srcset=\"https:\/\/polisemeklileri.com\/tr\/wp-content\/uploads\/2012\/10\/g\u00fcvenli-egitim-projesi-2.jpg 448w, https:\/\/polisemeklileri.com\/tr\/wp-content\/uploads\/2012\/10\/g\u00fcvenli-egitim-projesi-2-300x160.jpg 300w, https:\/\/polisemeklileri.com\/tr\/wp-content\/uploads\/2012\/10\/g\u00fcvenli-egitim-projesi-2-310x165.jpg 310w\" sizes=\"auto, (max-width: 448px) 100vw, 448px\" \/><\/p>\n","protected":false},"excerpt":{"rendered":"<p>G\u00fcller ve G\u00f6ller \u015eehri\u201d olarak tan\u0131nan ve binlerce y\u0131ll\u0131k tarihe sahip olan Isparta&#8230;<\/p>\n","protected":false},"author":1,"featured_media":127,"comment_status":"closed","ping_status":"open","sticky":false,"template":"","format":"standard","meta":{"footnotes":""},"categories":[5,1,6],"tags":[],"class_list":["post-125","post","type-post","status-publish","format-standard","has-post-thumbnail","","category-etkinlikler","category-genel","category-haberler"],"_links":{"self":[{"href":"https:\/\/polisemeklileri.com\/tr\/wp-json\/wp\/v2\/posts\/125","targetHints":{"allow":["GET"]}}],"collection":[{"href":"https:\/\/polisemeklileri.com\/tr\/wp-json\/wp\/v2\/posts"}],"about":[{"href":"https:\/\/polisemeklileri.com\/tr\/wp-json\/wp\/v2\/types\/post"}],"author":[{"embeddable":true,"href":"https:\/\/polisemeklileri.com\/tr\/wp-json\/wp\/v2\/users\/1"}],"replies":[{"embeddable":true,"href":"https:\/\/polisemeklileri.com\/tr\/wp-json\/wp\/v2\/comments?post=125"}],"version-history":[{"count":0,"href":"https:\/\/polisemeklileri.com\/tr\/wp-json\/wp\/v2\/posts\/125\/revisions"}],"wp:featuredmedia":[{"embeddable":true,"href":"https:\/\/polisemeklileri.com\/tr\/wp-json\/wp\/v2\/media\/127"}],"wp:attachment":[{"href":"https:\/\/polisemeklileri.com\/tr\/wp-json\/wp\/v2\/media?parent=125"}],"wp:term":[{"taxonomy":"category","embeddable":true,"href":"https:\/\/polisemeklileri.com\/tr\/wp-json\/wp\/v2\/categories?post=125"},{"taxonomy":"post_tag","embeddable":true,"href":"https:\/\/polisemeklileri.com\/tr\/wp-json\/wp\/v2\/tags?post=125"}],"curies":[{"name":"wp","href":"https:\/\/api.w.org\/{rel}","templated":true}]}}