{"id":1282,"date":"2019-09-07T14:17:47","date_gmt":"2019-09-07T11:17:47","guid":{"rendered":"http:\/\/polisemeklileri.com\/tr\/?p=1282"},"modified":"2019-09-25T14:21:04","modified_gmt":"2019-09-25T11:21:04","slug":"polisten-gencleri-sasirtan-hareket","status":"publish","type":"post","link":"https:\/\/polisemeklileri.com\/tr\/haberler\/polisten-gencleri-sasirtan-hareket\/","title":{"rendered":"Polisten gen\u00e7leri \u015fa\u015f\u0131rtan hareket"},"content":{"rendered":"<p class=\"detail-description\">Trafik polisi \u00f6nce sa\u011f \u00f6n lasti\u011fi patlak halde ilerleyen arac\u0131 durdurdu, sonra da gen\u00e7lerin \u00e7aresizli\u011fini g\u00f6r\u00fcnce arac\u0131n patlak lasti\u011fini kendi elleriyle de\u011fi\u015ftirdi. Polisin \u0130stanbul&#8217;da \u00c7a\u011flayan sapa\u011f\u0131nda durdurdu\u011fu ara\u00e7ta bulunan gen\u00e7ler ise olanlar\u0131 \u015fa\u015fk\u0131n bak\u0131\u015flarla izledi. Yard\u0131msever polis gen\u00e7leri &#8220;Sizler bize laz\u0131ms\u0131n\u0131z&#8221; diyerek u\u011furlad\u0131.<\/p>\n<p>Lasti\u011fin patlak oldu\u011funu g\u00f6rerek arac\u0131 durdurdu, gen\u00e7lerin zorland\u0131\u011f\u0131n\u0131 g\u00f6r\u00fcnce yard\u0131mlar\u0131na ko\u015ftu.<br \/>\nD-100 Karayolu \u00c7a\u011flayan mevkiinde, \u00fcniversite \u00f6\u011frencisi iki arkada\u015f\u0131n i\u00e7inde bulundu\u011fu otomobil ilerliyordu. Seyir halindeki motosikletli trafik polisi, \u00f6n\u00fcnde ilerleyen otomobilin sa\u011f \u00f6n lasti\u011finin patlak oldu\u011funu fark etti. Arac\u0131 \u00c7a\u011flayan sapa\u011f\u0131nda durdurdu.<br \/>\nOtomobili kullanan Furkan Gedik ve yan\u0131ndaki arkada\u015f\u0131 Yunus Berfu \u00d6zcan, yedek lasti\u011fi takmak i\u00e7in patlak lasti\u011fi s\u00f6kmeye \u00e7al\u0131\u015ft\u0131 ancak \u00e7ok da ba\u015far\u0131l\u0131 olamad\u0131. Bunun \u00fczerine arac\u0131 durduran, Trafik Denetleme \u015eube M\u00fcd\u00fcrl\u00fc\u011f\u00fc&#8217;nde g\u00f6revli polis memuru M\u00fcrsel Aydo\u011fdu devreye girdi. Tak\u0131mlar\u0131 eline ald\u0131, kriko yard\u0131m\u0131yla otomobili kald\u0131rd\u0131, \u00e7al\u0131\u015fmaya ba\u015flad\u0131. Patlak lasti\u011fi s\u00f6k\u00fcp, yedek lasti\u011fi otomobile kendi elleriyle takt\u0131.<br \/>\n\u0130ki arkada\u015f polisin \u00e7al\u0131\u015fmas\u0131n\u0131 \u015fa\u015fk\u0131nl\u0131kla izledi. Lastik de\u011fi\u015fiminden sonra polis memuru M\u00fcrsel Aydo\u011fdu&#8217;ya te\u015fekk\u00fcr ettiler. Polis ise &#8220;Yolda kalm\u0131\u015fs\u0131n\u0131z, yard\u0131mc\u0131 olmak laz\u0131m. Sizler bize laz\u0131ms\u0131n\u0131z&#8221; dedi\u011fi gen\u00e7lerin elini s\u0131karak g\u00f6revine d\u00f6nd\u00fc. Lasti\u011fin de\u011fi\u015fmesi ard\u0131ndan otomobiline binen iki arkada\u015f yoluna devam etti.<\/p>\n<p>kaynak: <a href=\"https:\/\/www.cnnturk.com\/video\/turkiye\/polis-yardim-etti-gencler-saskinlikla-onu-izledi\">CNNT\u00dcRK<\/a><\/p>\n","protected":false},"excerpt":{"rendered":"<p>Lasti\u011fin patlak oldu\u011funu g\u00f6rerek arac\u0131 durdurdu, gen\u00e7lerin zorland\u0131\u011f\u0131n\u0131 g\u00f6r\u00fcnce yard\u0131mlar\u0131na ko\u015ftu.<\/p>\n","protected":false},"author":1,"featured_media":1283,"comment_status":"closed","ping_status":"open","sticky":false,"template":"","format":"standard","meta":{"footnotes":""},"categories":[6],"tags":[],"class_list":["post-1282","post","type-post","status-publish","format-standard","has-post-thumbnail","","category-haberler"],"_links":{"self":[{"href":"https:\/\/polisemeklileri.com\/tr\/wp-json\/wp\/v2\/posts\/1282","targetHints":{"allow":["GET"]}}],"collection":[{"href":"https:\/\/polisemeklileri.com\/tr\/wp-json\/wp\/v2\/posts"}],"about":[{"href":"https:\/\/polisemeklileri.com\/tr\/wp-json\/wp\/v2\/types\/post"}],"author":[{"embeddable":true,"href":"https:\/\/polisemeklileri.com\/tr\/wp-json\/wp\/v2\/users\/1"}],"replies":[{"embeddable":true,"href":"https:\/\/polisemeklileri.com\/tr\/wp-json\/wp\/v2\/comments?post=1282"}],"version-history":[{"count":1,"href":"https:\/\/polisemeklileri.com\/tr\/wp-json\/wp\/v2\/posts\/1282\/revisions"}],"predecessor-version":[{"id":1284,"href":"https:\/\/polisemeklileri.com\/tr\/wp-json\/wp\/v2\/posts\/1282\/revisions\/1284"}],"wp:featuredmedia":[{"embeddable":true,"href":"https:\/\/polisemeklileri.com\/tr\/wp-json\/wp\/v2\/media\/1283"}],"wp:attachment":[{"href":"https:\/\/polisemeklileri.com\/tr\/wp-json\/wp\/v2\/media?parent=1282"}],"wp:term":[{"taxonomy":"category","embeddable":true,"href":"https:\/\/polisemeklileri.com\/tr\/wp-json\/wp\/v2\/categories?post=1282"},{"taxonomy":"post_tag","embeddable":true,"href":"https:\/\/polisemeklileri.com\/tr\/wp-json\/wp\/v2\/tags?post=1282"}],"curies":[{"name":"wp","href":"https:\/\/api.w.org\/{rel}","templated":true}]}}