{"id":1285,"date":"2019-09-25T14:26:18","date_gmt":"2019-09-25T11:26:18","guid":{"rendered":"http:\/\/polisemeklileri.com\/tr\/?p=1285"},"modified":"2019-09-25T14:26:18","modified_gmt":"2019-09-25T11:26:18","slug":"polis-servis-aracina-bombali-saldiri","status":"publish","type":"post","link":"https:\/\/polisemeklileri.com\/tr\/haberler\/polis-servis-aracina-bombali-saldiri\/","title":{"rendered":"Polis servis arac\u0131na bombal\u0131 sald\u0131r\u0131"},"content":{"rendered":"<p>Adana Valili\u011finden patlama sonras\u0131 ilk a\u00e7\u0131klama&#8230; <\/p>\n<p>Merkez Y\u00fcre\u011fir il\u00e7esi Kozan yolunda \u00e7evik kuvvet polislerini ta\u015f\u0131yan otob\u00fcs\u00fcn ge\u00e7i\u015fi s\u0131ras\u0131nda patlama meydana geldi. Olay\u0131n ard\u0131ndan b\u00f6lgeye \u00e7ok say\u0131da g\u00fcvenlik ve sa\u011fl\u0131k ekibi sevk edildi. B\u00f6lgede geni\u015f \u00e7apl\u0131 operasyon ba\u015flat\u0131ld\u0131. Patlaman\u0131n ard\u0131ndan valilikten ilk a\u00e7\u0131klama geldi.<br \/>\nAdana&#8217;n\u0131n merkez Y\u00fcre\u011fir il\u00e7esi Kozan yolunda \u00e7evik kuvvet polislerini ta\u015f\u0131yan otob\u00fcs\u00fcn ge\u00e7i\u015fi s\u0131ras\u0131nda patlama meydana geldi. Olay\u0131n ard\u0131ndan b\u00f6lgeye \u00e7ok say\u0131da g\u00fcvenlik ve sa\u011fl\u0131k ekibi sevk edildi. B\u00f6lgede geni\u015f \u00e7apl\u0131 operasyon ba\u015flat\u0131ld\u0131.<\/p>\n<p>VAL\u0130L\u0130KTEN \u0130LK A\u00c7IKLAMA<br \/>\nAdana&#8217;da polis arac\u0131n\u0131n ge\u00e7i\u015fi s\u0131ras\u0131nda bombal\u0131 sald\u0131r\u0131 d\u00fczenlendi.<\/p>\n<p>Adana Valisi Mahmut Demirta\u015f, AA muhabirine yapt\u0131\u011f\u0131 a\u00e7\u0131klamada, Y\u00fcre\u011fir il\u00e7esinde polis otob\u00fcs\u00fcn\u00fcn ge\u00e7i\u015fi s\u0131randa el yap\u0131m\u0131 ya da daha farkl\u0131 bir bombayla sald\u0131r\u0131 d\u00fczenlendi\u011fini kaydetti.<\/p>\n<p>Demirta\u015f, sald\u0131r\u0131da yaralananlar\u0131n oldu\u011funu, ancak ald\u0131klar\u0131 ilk bilgilere g\u00f6re yaral\u0131lar\u0131n sa\u011fl\u0131k durumunun ciddi olmad\u0131\u011f\u0131n\u0131 bildirdi.<\/p>\n<p>Kaynak: AHaber<\/p>\n","protected":false},"excerpt":{"rendered":"<p>Adana Valili\u011finden patlama sonras\u0131 ilk a\u00e7\u0131klama&#8230; Merkez Y\u00fcre\u011fir il\u00e7esi Kozan yolunda \u00e7evik kuvvet polislerini ta\u015f\u0131yan otob\u00fcs\u00fcn ge\u00e7i\u015fi s\u0131ras\u0131nda patlama meydana geldi. Olay\u0131n ard\u0131ndan b\u00f6lgeye \u00e7ok say\u0131da g\u00fcvenlik ve sa\u011fl\u0131k ekibi sevk edildi. B\u00f6lgede geni\u015f \u00e7apl\u0131 operasyon ba\u015flat\u0131ld\u0131. Patlaman\u0131n ard\u0131ndan valilikten ilk a\u00e7\u0131klama geldi. Adana&#8217;n\u0131n merkez Y\u00fcre\u011fir il\u00e7esi Kozan yolunda \u00e7evik kuvvet polislerini ta\u015f\u0131yan otob\u00fcs\u00fcn ge\u00e7i\u015fi &hellip;<\/p>\n","protected":false},"author":1,"featured_media":1286,"comment_status":"closed","ping_status":"open","sticky":false,"template":"","format":"standard","meta":{"footnotes":""},"categories":[6],"tags":[],"class_list":["post-1285","post","type-post","status-publish","format-standard","has-post-thumbnail","","category-haberler"],"_links":{"self":[{"href":"https:\/\/polisemeklileri.com\/tr\/wp-json\/wp\/v2\/posts\/1285","targetHints":{"allow":["GET"]}}],"collection":[{"href":"https:\/\/polisemeklileri.com\/tr\/wp-json\/wp\/v2\/posts"}],"about":[{"href":"https:\/\/polisemeklileri.com\/tr\/wp-json\/wp\/v2\/types\/post"}],"author":[{"embeddable":true,"href":"https:\/\/polisemeklileri.com\/tr\/wp-json\/wp\/v2\/users\/1"}],"replies":[{"embeddable":true,"href":"https:\/\/polisemeklileri.com\/tr\/wp-json\/wp\/v2\/comments?post=1285"}],"version-history":[{"count":1,"href":"https:\/\/polisemeklileri.com\/tr\/wp-json\/wp\/v2\/posts\/1285\/revisions"}],"predecessor-version":[{"id":1287,"href":"https:\/\/polisemeklileri.com\/tr\/wp-json\/wp\/v2\/posts\/1285\/revisions\/1287"}],"wp:featuredmedia":[{"embeddable":true,"href":"https:\/\/polisemeklileri.com\/tr\/wp-json\/wp\/v2\/media\/1286"}],"wp:attachment":[{"href":"https:\/\/polisemeklileri.com\/tr\/wp-json\/wp\/v2\/media?parent=1285"}],"wp:term":[{"taxonomy":"category","embeddable":true,"href":"https:\/\/polisemeklileri.com\/tr\/wp-json\/wp\/v2\/categories?post=1285"},{"taxonomy":"post_tag","embeddable":true,"href":"https:\/\/polisemeklileri.com\/tr\/wp-json\/wp\/v2\/tags?post=1285"}],"curies":[{"name":"wp","href":"https:\/\/api.w.org\/{rel}","templated":true}]}}