{"id":1291,"date":"2019-08-13T14:32:52","date_gmt":"2019-08-13T11:32:52","guid":{"rendered":"http:\/\/polisemeklileri.com\/tr\/?p=1291"},"modified":"2019-09-25T14:34:34","modified_gmt":"2019-09-25T11:34:34","slug":"polis-ailesi-bayramda-birlik-mesaji-verdi","status":"publish","type":"post","link":"https:\/\/polisemeklileri.com\/tr\/haberler\/polis-ailesi-bayramda-birlik-mesaji-verdi\/","title":{"rendered":"Polis ailesi bayramda birlik mesaj\u0131 verdi"},"content":{"rendered":"<p>KURBAN Bayram\u0131 nedeniyle Antalya Emniyet M\u00fcd\u00fcr\u00fc Mehmet Murat Ulucan ve e\u015fi Selda Ulucan, personel ile bayramla\u015f\u0131p, \u015fehitli\u011fi ziyaret etti. Polis te\u015fkilat\u0131n\u0131n birlik ve beraberlik g\u00f6r\u00fcnt\u00fcs\u00fc verdi\u011fi bayramla\u015fmaya Vali Yard\u0131mc\u0131s\u0131 Mehmet Nuri Ersoy&#8217;da kat\u0131ld\u0131.<\/p>\n<p>BA\u011eLARIMIZ G\u00dc\u00c7LEND\u0130<br \/>\nEmniyet M\u00fcd\u00fcr\u00fc Ulucan, &#8220;K\u00fclt\u00fcr\u00fcm\u00fczde ve toplumsal ya\u015fam\u0131m\u0131zda \u00e7ok \u00f6nemli bir yer tutan bayram\u0131 anlam\u0131na uygun bi\u00e7imde ya\u015fatmak istedik. Sevgi, sayg\u0131 ve dostluk ba\u011flar\u0131n\u0131n g\u00fc\u00e7lenmesini istedik&#8221; dedi.<\/p>\n","protected":false},"excerpt":{"rendered":"<p>KURBAN Bayram\u0131 nedeniyle Antalya Emniyet M\u00fcd\u00fcr\u00fc Mehmet Murat Ulucan ve e\u015fi Selda Ulucan, personel ile bayramla\u015f\u0131p, \u015fehitli\u011fi ziyaret etti. Polis te\u015fkilat\u0131n\u0131n birlik ve beraberlik g\u00f6r\u00fcnt\u00fcs\u00fc verdi\u011fi bayramla\u015fmaya Vali Yard\u0131mc\u0131s\u0131 Mehmet Nuri Ersoy&#8217;da kat\u0131ld\u0131. BA\u011eLARIMIZ G\u00dc\u00c7LEND\u0130 Emniyet M\u00fcd\u00fcr\u00fc Ulucan, &#8220;K\u00fclt\u00fcr\u00fcm\u00fczde ve toplumsal ya\u015fam\u0131m\u0131zda \u00e7ok \u00f6nemli bir yer tutan bayram\u0131 anlam\u0131na uygun bi\u00e7imde ya\u015fatmak istedik. Sevgi, sayg\u0131 &hellip;<\/p>\n","protected":false},"author":1,"featured_media":1292,"comment_status":"closed","ping_status":"open","sticky":false,"template":"","format":"standard","meta":{"footnotes":""},"categories":[6],"tags":[],"class_list":["post-1291","post","type-post","status-publish","format-standard","has-post-thumbnail","","category-haberler"],"_links":{"self":[{"href":"https:\/\/polisemeklileri.com\/tr\/wp-json\/wp\/v2\/posts\/1291","targetHints":{"allow":["GET"]}}],"collection":[{"href":"https:\/\/polisemeklileri.com\/tr\/wp-json\/wp\/v2\/posts"}],"about":[{"href":"https:\/\/polisemeklileri.com\/tr\/wp-json\/wp\/v2\/types\/post"}],"author":[{"embeddable":true,"href":"https:\/\/polisemeklileri.com\/tr\/wp-json\/wp\/v2\/users\/1"}],"replies":[{"embeddable":true,"href":"https:\/\/polisemeklileri.com\/tr\/wp-json\/wp\/v2\/comments?post=1291"}],"version-history":[{"count":1,"href":"https:\/\/polisemeklileri.com\/tr\/wp-json\/wp\/v2\/posts\/1291\/revisions"}],"predecessor-version":[{"id":1293,"href":"https:\/\/polisemeklileri.com\/tr\/wp-json\/wp\/v2\/posts\/1291\/revisions\/1293"}],"wp:featuredmedia":[{"embeddable":true,"href":"https:\/\/polisemeklileri.com\/tr\/wp-json\/wp\/v2\/media\/1292"}],"wp:attachment":[{"href":"https:\/\/polisemeklileri.com\/tr\/wp-json\/wp\/v2\/media?parent=1291"}],"wp:term":[{"taxonomy":"category","embeddable":true,"href":"https:\/\/polisemeklileri.com\/tr\/wp-json\/wp\/v2\/categories?post=1291"},{"taxonomy":"post_tag","embeddable":true,"href":"https:\/\/polisemeklileri.com\/tr\/wp-json\/wp\/v2\/tags?post=1291"}],"curies":[{"name":"wp","href":"https:\/\/api.w.org\/{rel}","templated":true}]}}