{"id":1303,"date":"2019-09-24T14:49:02","date_gmt":"2019-09-24T11:49:02","guid":{"rendered":"http:\/\/polisemeklileri.com\/tr\/?p=1303"},"modified":"2019-09-25T14:51:10","modified_gmt":"2019-09-25T11:51:10","slug":"istanbulda-cakarli-araclar-denetime-takildi","status":"publish","type":"post","link":"https:\/\/polisemeklileri.com\/tr\/haberler\/istanbulda-cakarli-araclar-denetime-takildi\/","title":{"rendered":"\u0130stanbul&#8217;da \u00e7akarl\u0131 ara\u00e7lar denetime tak\u0131ld\u0131"},"content":{"rendered":"<p>\u0130\u00e7i\u015fleri Bakanl\u0131\u011f\u0131, kamudan ba\u015flayarak \u00f6zel ara\u00e7 s\u00fcr\u00fcc\u00fcleri dahil yetkisiz \u00e7akar kullan\u0131m\u0131n\u0131, 1 Kas\u0131m\u2019dan itibaren yasaklama karar\u0131 ald\u0131.<\/p>\n<p>\u0130stanbul Emniyet M\u00fcd\u00fcrl\u00fc\u011f\u00fc Trafik \u015eube M\u00fcd\u00fcrl\u00fc\u011f\u00fc ekipleri, 15 Temmuz \u015eehitler K\u00f6pr\u00fcs\u00fc yolunda, yetkisiz \u00e7akar kullanan ara\u00e7lar\u0131n tespiti i\u00e7in denetim yapt\u0131.<\/p>\n<p>&#8220;RESM\u0130 G\u00d6REVL\u0130 B\u0130R ARACIM&#8221; DED\u0130, AFFED\u0130LMED\u0130<br \/>\nResmi plakal\u0131 ve \u00e7akarl\u0131 bir \u015fekilde trafikte seyir halinde olan bir ara\u00e7 durduruldu. Devlet memuru oldu\u011funu belirten arac\u0131n s\u00fcr\u00fcc\u00fcs\u00fcne, \u00e7akarl\u0131 ara\u00e7 ve emniyet \u015feridini kullanmaktan toplam 2 bin 4 TL para cezas\u0131 uyguland\u0131. S\u00fcr\u00fcc\u00fc,&#8221;Resmi g\u00f6revli bir arac\u0131m. Ben de devletin g\u00f6revli bir memuruyum. Kendi \u015fahsi i\u015fimi yapm\u0131yorum. Yeti\u015fmemiz gereken \u00f6nemli bir toplant\u0131 var. Ona yeti\u015fiyoruz. G\u00f6rev ka\u011f\u0131d\u0131m ara\u00e7ta.&#8221; ifadelerini kulland\u0131.<br \/>\n\u00c7AKAR DENET\u0130M\u0130NE S\u00dcR\u00dcC\u00dcLERDEN OLUMLU YANIT<br \/>\n\u00c7akarl\u0131 ara\u00e7lara yap\u0131lan d\u00fczenlemeyi s\u00fcr\u00fcc\u00fcler, olumlu de\u011ferlendirdi.<br \/>\n\u00d6mer \u00d6zdemir, &#8220;\u0130stanbul&#8217;da ara\u00e7 kullanan herkes gibi ben de bu konudan a\u015f\u0131r\u0131 rahats\u0131zd\u0131m. \u00c7\u00fcnk\u00fc kimin oldu\u011funu bilmedi\u011fimiz ger\u00e7ekten g\u00f6revli mi de\u011fil mi? Sanki \u0130stanbul&#8217;un yar\u0131s\u0131 devlet g\u00f6revlisi. \u0130nan\u0131lmaz say\u0131da \u00e7akarl\u0131 araba vard\u0131. Bu b\u00fct\u00fcn \u015fof\u00f6rleri oldu\u011fu gibi beni de \u00e7ok rahats\u0131z ediyordu. Al\u0131nan karar\u0131 bu sabah b\u00fcy\u00fck bir keyifle g\u00f6rd\u00fcm. Sonuna kadar destekliyorum. Kanunlara, kurallara uygun olmayan hi\u00e7 kimsenin gereksiz \u00fcst\u00fcnl\u00fck kullanmas\u0131n\u0131n ve trafikte ba\u015fka s\u00fcr\u00fcc\u00fcleri taciz etmesinin kabul edilebilir hi\u00e7bir taraf\u0131 yoktur diye d\u00fc\u015f\u00fcn\u00fcyorum.&#8221; dedi.<\/p>\n<p>Kaynak: <a href=\"https:\/\/www.ensonhaber.com\/istanbulda-cakarli-araclara-para-cezasi.html\">ENSONHABER.COM<\/a><\/p>\n","protected":false},"excerpt":{"rendered":"<p>\u0130zmir Seferihisar Belediye Ba\u015fkan\u0131 \u0130smail Yeti\u015fkin&#8217;in arac\u0131 ile Nijerya fahri konsolos arac\u0131na, para cezas\u0131 uyguland\u0131.<\/p>\n","protected":false},"author":1,"featured_media":1304,"comment_status":"closed","ping_status":"open","sticky":false,"template":"","format":"standard","meta":{"footnotes":""},"categories":[6],"tags":[],"class_list":["post-1303","post","type-post","status-publish","format-standard","has-post-thumbnail","","category-haberler"],"_links":{"self":[{"href":"https:\/\/polisemeklileri.com\/tr\/wp-json\/wp\/v2\/posts\/1303","targetHints":{"allow":["GET"]}}],"collection":[{"href":"https:\/\/polisemeklileri.com\/tr\/wp-json\/wp\/v2\/posts"}],"about":[{"href":"https:\/\/polisemeklileri.com\/tr\/wp-json\/wp\/v2\/types\/post"}],"author":[{"embeddable":true,"href":"https:\/\/polisemeklileri.com\/tr\/wp-json\/wp\/v2\/users\/1"}],"replies":[{"embeddable":true,"href":"https:\/\/polisemeklileri.com\/tr\/wp-json\/wp\/v2\/comments?post=1303"}],"version-history":[{"count":1,"href":"https:\/\/polisemeklileri.com\/tr\/wp-json\/wp\/v2\/posts\/1303\/revisions"}],"predecessor-version":[{"id":1305,"href":"https:\/\/polisemeklileri.com\/tr\/wp-json\/wp\/v2\/posts\/1303\/revisions\/1305"}],"wp:featuredmedia":[{"embeddable":true,"href":"https:\/\/polisemeklileri.com\/tr\/wp-json\/wp\/v2\/media\/1304"}],"wp:attachment":[{"href":"https:\/\/polisemeklileri.com\/tr\/wp-json\/wp\/v2\/media?parent=1303"}],"wp:term":[{"taxonomy":"category","embeddable":true,"href":"https:\/\/polisemeklileri.com\/tr\/wp-json\/wp\/v2\/categories?post=1303"},{"taxonomy":"post_tag","embeddable":true,"href":"https:\/\/polisemeklileri.com\/tr\/wp-json\/wp\/v2\/tags?post=1303"}],"curies":[{"name":"wp","href":"https:\/\/api.w.org\/{rel}","templated":true}]}}