{"id":1306,"date":"2019-09-24T14:53:19","date_gmt":"2019-09-24T11:53:19","guid":{"rendered":"http:\/\/polisemeklileri.com\/tr\/?p=1306"},"modified":"2019-09-25T14:57:16","modified_gmt":"2019-09-25T11:57:16","slug":"polislerden-kan-bagisi","status":"publish","type":"post","link":"https:\/\/polisemeklileri.com\/tr\/haberler\/polislerden-kan-bagisi\/","title":{"rendered":"Polislerden kan ba\u011f\u0131\u015f\u0131"},"content":{"rendered":"<p>Tokat \u0130l Emniyet M\u00fcd\u00fcrl\u00fc\u011f\u00fc personeli kan ba\u011f\u0131\u015f\u0131nda bulundu. \u0130l Emniyet M\u00fcd\u00fcrl\u00fc\u011f\u00fcnde g\u00f6revli 500 personel, T\u00fcrk K\u0131z\u0131lay\u0131&#8217;na kan ba\u011f\u0131\u015f\u0131 ger\u00e7ekle\u015ftirdi. \u0130l Emniyet M\u00fcd\u00fcrl\u00fc\u011f\u00fc personelinin belirli aral\u0131klarla T\u00fcrk K\u0131z\u0131lay\u0131&#8217;na kan ba\u011f\u0131\u015f\u0131nda bulunduklar\u0131 belirtildi.<\/p>\n<p>Kaynak : <a href=\"https:\/\/www.61saat.com\/genel\/polislerden-kan-bagisi-h680476.html\">61SAAT.COM<\/a><\/p>\n","protected":false},"excerpt":{"rendered":"<p>Tokat \u0130l Emniyet M\u00fcd\u00fcrl\u00fc\u011f\u00fc personeli kan ba\u011f\u0131\u015f\u0131nda bulundu. \u0130l Emniyet M\u00fcd\u00fcrl\u00fc\u011f\u00fcnde g\u00f6revli 500 personel, T\u00fcrk K\u0131z\u0131lay\u0131&#8217;na kan ba\u011f\u0131\u015f\u0131 ger\u00e7ekle\u015ftirdi.\u0130l Emniyet M\u00fcd\u00fcrl\u00fc\u011f\u00fc personelinin belirli aral\u0131klarla&#8230;<\/p>\n","protected":false},"author":1,"featured_media":1307,"comment_status":"closed","ping_status":"open","sticky":false,"template":"","format":"standard","meta":{"footnotes":""},"categories":[6],"tags":[],"class_list":["post-1306","post","type-post","status-publish","format-standard","has-post-thumbnail","","category-haberler"],"_links":{"self":[{"href":"https:\/\/polisemeklileri.com\/tr\/wp-json\/wp\/v2\/posts\/1306","targetHints":{"allow":["GET"]}}],"collection":[{"href":"https:\/\/polisemeklileri.com\/tr\/wp-json\/wp\/v2\/posts"}],"about":[{"href":"https:\/\/polisemeklileri.com\/tr\/wp-json\/wp\/v2\/types\/post"}],"author":[{"embeddable":true,"href":"https:\/\/polisemeklileri.com\/tr\/wp-json\/wp\/v2\/users\/1"}],"replies":[{"embeddable":true,"href":"https:\/\/polisemeklileri.com\/tr\/wp-json\/wp\/v2\/comments?post=1306"}],"version-history":[{"count":1,"href":"https:\/\/polisemeklileri.com\/tr\/wp-json\/wp\/v2\/posts\/1306\/revisions"}],"predecessor-version":[{"id":1308,"href":"https:\/\/polisemeklileri.com\/tr\/wp-json\/wp\/v2\/posts\/1306\/revisions\/1308"}],"wp:featuredmedia":[{"embeddable":true,"href":"https:\/\/polisemeklileri.com\/tr\/wp-json\/wp\/v2\/media\/1307"}],"wp:attachment":[{"href":"https:\/\/polisemeklileri.com\/tr\/wp-json\/wp\/v2\/media?parent=1306"}],"wp:term":[{"taxonomy":"category","embeddable":true,"href":"https:\/\/polisemeklileri.com\/tr\/wp-json\/wp\/v2\/categories?post=1306"},{"taxonomy":"post_tag","embeddable":true,"href":"https:\/\/polisemeklileri.com\/tr\/wp-json\/wp\/v2\/tags?post=1306"}],"curies":[{"name":"wp","href":"https:\/\/api.w.org\/{rel}","templated":true}]}}