{"id":1336,"date":"2020-06-29T16:03:44","date_gmt":"2020-06-29T13:03:44","guid":{"rendered":"http:\/\/polisemeklileri.com\/tr\/?p=1336"},"modified":"2020-06-29T16:03:44","modified_gmt":"2020-06-29T13:03:44","slug":"necati-denizci-kastamonu-il-emniyet-muduru","status":"publish","type":"post","link":"https:\/\/polisemeklileri.com\/tr\/il-emniyet-mudurlerimiz\/necati-denizci-kastamonu-il-emniyet-muduru\/","title":{"rendered":"Necati Denizci &#8211; Kastamonu \u0130l Emniyet M\u00fcd\u00fcr\u00fc"},"content":{"rendered":"<p>NECAT\u0130 DEN\u0130ZC\u0130<br \/>\nKASTAMONU \u0130L EMN\u0130YET M\u00dcD\u00dc<br \/>\n(1. S\u0131n\u0131fS\u0131n\u0131f Emniyet M\u00fcd\u00fcr\u00fc)<\/p>\n<p>1962 y\u0131l\u0131nda Amasya Suluova\u2019da d\u00fcnyaya geldi. \u00d6nce 1980 y\u0131l\u0131nda Polis Koleji ard\u0131ndan 1984 y\u0131l\u0131nda Polis Akademisinden mezun olmu\u015ftur. S\u0131ras\u0131yla Trabzon \u0130l Emniyet M\u00fcd\u00fcrl\u00fc\u011f\u00fc, Diyarbak\u0131r \u0130l Emniyet M\u00fcd\u00fcrl\u00fc\u011f\u00fc, Sinop \u0130l Emniyet M\u00fcd\u00fcrl\u00fc\u011f\u00fc, Adana \u0130l Emniyet M\u00fcd\u00fcrl\u00fc\u011f\u00fc, G\u00fcm\u00fc\u015fhane \u0130l Emniyet M\u00fcd\u00fcrl\u00fc\u011f\u00fc, Samsun \u0130l Emniyet M\u00fcd\u00fcrl\u00fc\u011f\u00fc, Samsun 19 May\u0131s Polis Meslek Y\u00fcksek Okulunda Emniyet M\u00fcd\u00fcr\u00fc(\u00d6\u011fretim G\u00f6revlisi) g\u00f6revini yapt\u0131ktan sonra 2008 y\u0131l\u0131nda 1.S\u0131n\u0131f Emniyet M\u00fcd\u00fcrl\u00fc\u011f\u00fcne terfi etmi\u015f, daha sonra, Tefti\u015f Kurulu Ba\u015fkanl\u0131\u011f\u0131, Strateji Daire Ba\u015fkanl\u0131\u011f\u0131, Batman \u0130l Emniyet M\u00fcd\u00fcrl\u00fc\u011f\u00fc ve son olarak Kocaeli \u0130l Emniyet M\u00fcd\u00fcr\u00fc olarak g\u00f6revini ifa ederken 19.09.2019 tarih ve 2019\/320 say\u0131l\u0131 Emniyet M\u00fcd\u00fcrleri Kararnamesi ile Kastamonu \u0130l Emniyet M\u00fcd\u00fcr\u00fc olarak atanm\u0131\u015ft\u0131r.<\/p>\n<p>1.S\u0131n\u0131f Emniyet M\u00fcd\u00fcr\u00fc Say\u0131n Necati DEN\u0130ZC\u0130 evli ve 2 \u00e7ocuk babas\u0131d\u0131r.<\/p>\n<figure id=\"attachment_1338\" aria-describedby=\"caption-attachment-1338\" style=\"width: 1296px\" class=\"wp-caption alignnone\"><img loading=\"lazy\" decoding=\"async\" class=\"wp-image-1338 size-full\" src=\"http:\/\/polisemeklileri.com\/tr\/wp-content\/uploads\/2020\/06\/necati-denizci-il-emniyet-muduru-2.jpeg\" alt=\"\" width=\"1296\" height=\"864\" srcset=\"https:\/\/polisemeklileri.com\/tr\/wp-content\/uploads\/2020\/06\/necati-denizci-il-emniyet-muduru-2.jpeg 1296w, https:\/\/polisemeklileri.com\/tr\/wp-content\/uploads\/2020\/06\/necati-denizci-il-emniyet-muduru-2-300x200.jpeg 300w, https:\/\/polisemeklileri.com\/tr\/wp-content\/uploads\/2020\/06\/necati-denizci-il-emniyet-muduru-2-1024x683.jpeg 1024w, https:\/\/polisemeklileri.com\/tr\/wp-content\/uploads\/2020\/06\/necati-denizci-il-emniyet-muduru-2-768x512.jpeg 768w\" sizes=\"auto, (max-width: 1296px) 100vw, 1296px\" \/><figcaption id=\"caption-attachment-1338\" class=\"wp-caption-text\">Kastamonu \u0130l Emniyet M\u00fcd\u00fcr\u00fc Necati Denizci ve Lokman Y\u0131lmaz<\/figcaption><\/figure>\n<figure id=\"attachment_1339\" aria-describedby=\"caption-attachment-1339\" style=\"width: 1500px\" class=\"wp-caption alignnone\"><img loading=\"lazy\" decoding=\"async\" class=\"wp-image-1339 size-full\" src=\"http:\/\/polisemeklileri.com\/tr\/wp-content\/uploads\/2020\/06\/necati-denizci-il-emniyet-muduru-1.jpeg\" alt=\"\" width=\"1500\" height=\"1000\" srcset=\"https:\/\/polisemeklileri.com\/tr\/wp-content\/uploads\/2020\/06\/necati-denizci-il-emniyet-muduru-1.jpeg 1500w, https:\/\/polisemeklileri.com\/tr\/wp-content\/uploads\/2020\/06\/necati-denizci-il-emniyet-muduru-1-300x200.jpeg 300w, https:\/\/polisemeklileri.com\/tr\/wp-content\/uploads\/2020\/06\/necati-denizci-il-emniyet-muduru-1-1024x683.jpeg 1024w, https:\/\/polisemeklileri.com\/tr\/wp-content\/uploads\/2020\/06\/necati-denizci-il-emniyet-muduru-1-768x512.jpeg 768w\" sizes=\"auto, (max-width: 1500px) 100vw, 1500px\" \/><figcaption id=\"caption-attachment-1339\" class=\"wp-caption-text\">Kastamonu \u0130l Emniyet M\u00fcd\u00fcr\u00fc Necati Denizci ve Lokman Y\u0131lmaz<\/figcaption><\/figure>\n","protected":false},"excerpt":{"rendered":"<p>NECAT\u0130 DEN\u0130ZC\u0130 KASTAMONU \u0130L EMN\u0130YET M\u00dcD\u00dc (1. S\u0131n\u0131fS\u0131n\u0131f Emniyet M\u00fcd\u00fcr\u00fc) 1962 y\u0131l\u0131nda Amasya Suluova\u2019da d\u00fcnyaya geldi. \u00d6nce 1980 y\u0131l\u0131nda Polis Koleji ard\u0131ndan 1984 y\u0131l\u0131nda Polis Akademisinden mezun olmu\u015ftur. S\u0131ras\u0131yla Trabzon \u0130l Emniyet M\u00fcd\u00fcrl\u00fc\u011f\u00fc, Diyarbak\u0131r \u0130l Emniyet M\u00fcd\u00fcrl\u00fc\u011f\u00fc, Sinop \u0130l Emniyet M\u00fcd\u00fcrl\u00fc\u011f\u00fc, Adana \u0130l Emniyet M\u00fcd\u00fcrl\u00fc\u011f\u00fc, G\u00fcm\u00fc\u015fhane \u0130l Emniyet M\u00fcd\u00fcrl\u00fc\u011f\u00fc, Samsun \u0130l Emniyet M\u00fcd\u00fcrl\u00fc\u011f\u00fc, Samsun 19 &hellip;<\/p>\n","protected":false},"author":1,"featured_media":1337,"comment_status":"closed","ping_status":"open","sticky":false,"template":"","format":"standard","meta":{"footnotes":""},"categories":[2],"tags":[],"class_list":["post-1336","post","type-post","status-publish","format-standard","has-post-thumbnail","","category-il-emniyet-mudurlerimiz"],"_links":{"self":[{"href":"https:\/\/polisemeklileri.com\/tr\/wp-json\/wp\/v2\/posts\/1336","targetHints":{"allow":["GET"]}}],"collection":[{"href":"https:\/\/polisemeklileri.com\/tr\/wp-json\/wp\/v2\/posts"}],"about":[{"href":"https:\/\/polisemeklileri.com\/tr\/wp-json\/wp\/v2\/types\/post"}],"author":[{"embeddable":true,"href":"https:\/\/polisemeklileri.com\/tr\/wp-json\/wp\/v2\/users\/1"}],"replies":[{"embeddable":true,"href":"https:\/\/polisemeklileri.com\/tr\/wp-json\/wp\/v2\/comments?post=1336"}],"version-history":[{"count":1,"href":"https:\/\/polisemeklileri.com\/tr\/wp-json\/wp\/v2\/posts\/1336\/revisions"}],"predecessor-version":[{"id":1340,"href":"https:\/\/polisemeklileri.com\/tr\/wp-json\/wp\/v2\/posts\/1336\/revisions\/1340"}],"wp:featuredmedia":[{"embeddable":true,"href":"https:\/\/polisemeklileri.com\/tr\/wp-json\/wp\/v2\/media\/1337"}],"wp:attachment":[{"href":"https:\/\/polisemeklileri.com\/tr\/wp-json\/wp\/v2\/media?parent=1336"}],"wp:term":[{"taxonomy":"category","embeddable":true,"href":"https:\/\/polisemeklileri.com\/tr\/wp-json\/wp\/v2\/categories?post=1336"},{"taxonomy":"post_tag","embeddable":true,"href":"https:\/\/polisemeklileri.com\/tr\/wp-json\/wp\/v2\/tags?post=1336"}],"curies":[{"name":"wp","href":"https:\/\/api.w.org\/{rel}","templated":true}]}}