{"id":1341,"date":"2020-06-29T16:07:04","date_gmt":"2020-06-29T13:07:04","guid":{"rendered":"http:\/\/polisemeklileri.com\/tr\/?p=1341"},"modified":"2020-06-29T16:07:04","modified_gmt":"2020-06-29T13:07:04","slug":"zafer-aktas-istanbul-il-emniyet-muduru","status":"publish","type":"post","link":"https:\/\/polisemeklileri.com\/tr\/il-emniyet-mudurlerimiz\/zafer-aktas-istanbul-il-emniyet-muduru\/","title":{"rendered":"Zafer Akta\u015f &#8211; \u0130stanbul \u0130l Emniyet M\u00fcd\u00fcr\u00fc"},"content":{"rendered":"<p>ZAFER AKTA\u015e<br \/>\n\u0130STANBUL \u0130L EMN\u0130YET M\u00dcD\u00dcR\u00dc<br \/>\n(1.S\u0131n\u0131f Emniyet M\u00fcd\u00fcr\u00fc)<br \/>\n1964 y\u0131l\u0131nda \u00c7anakkale\u2019de do\u011fdu.<\/p>\n<p>1983 y\u0131l\u0131nda Polis Kolejinden, 1987 y\u0131l\u0131nda Polis Akademisinden mezun olarak s\u0131ras\u0131yla Gaziantep, Diyarbak\u0131r, \u0130stihbarat Daire Ba\u015fkanl\u0131\u011f\u0131, Ankara, Ordu, Mardin ve Bolu Emniyet M\u00fcd\u00fcrl\u00fcklerinde \u00e7e\u015fitli birim ve r\u00fctbelerde g\u00f6rev yapt\u0131ktan sonra 2011 y\u0131l\u0131nda 1. S\u0131n\u0131f Emniyet M\u00fcd\u00fcrl\u00fc\u011f\u00fc r\u00fctbesine terfi ederek Tefti\u015f Kurulu Ba\u015fkanl\u0131\u011f\u0131nda Polis Ba\u015fm\u00fcfetti\u015fi, \u0130\u00e7i\u015fleri Bakanl\u0131\u011f\u0131n\u0131n 26.10.2016 tarihli kararnamesi ile Mu\u015f \u0130l Emniyet M\u00fcd\u00fcr\u00fc olarak olarak g\u00f6rev yapt\u0131.Daha sonra \u0130\u00e7i\u015fleri Bakanl\u0131\u011f\u0131n\u0131n 27.12.2018 tarihli karanamesi ile Adana \u0130l Emniyet M\u00fcd\u00fcr\u00fc olarak atanm\u0131\u015ft\u0131r.<\/p>\n<p>Resmi Gazete&#8217;nin 15 Haziran 2020 tarihli say\u0131s\u0131nda yay\u0131mlanan 2020\/279 karar say\u0131l\u0131 Cumhurba\u015fkanl\u0131\u011f\u0131 Kararnamesi gere\u011fince \u0130stanbul \u0130l Emniyet M\u00fcd\u00fcr\u00fc g\u00f6revine atamas\u0131 yap\u0131ld\u0131.<\/p>\n<p>Say\u0131n M\u00fcd\u00fcr\u00fcm\u00fcz Zafer AKTA\u015e Bal\u0131kesir n\u00fcfusuna kay\u0131tl\u0131 olup evli ve 2 \u00e7ocuk babas\u0131d\u0131r.<\/p>\n<figure id=\"attachment_1343\" aria-describedby=\"caption-attachment-1343\" style=\"width: 1066px\" class=\"wp-caption alignnone\"><img loading=\"lazy\" decoding=\"async\" class=\"size-full wp-image-1343\" src=\"http:\/\/polisemeklileri.com\/tr\/wp-content\/uploads\/2020\/06\/zafer-aktas-il-emniyet-muduru-2.jpeg\" alt=\"\" width=\"1066\" height=\"1600\" srcset=\"https:\/\/polisemeklileri.com\/tr\/wp-content\/uploads\/2020\/06\/zafer-aktas-il-emniyet-muduru-2.jpeg 1066w, https:\/\/polisemeklileri.com\/tr\/wp-content\/uploads\/2020\/06\/zafer-aktas-il-emniyet-muduru-2-200x300.jpeg 200w, https:\/\/polisemeklileri.com\/tr\/wp-content\/uploads\/2020\/06\/zafer-aktas-il-emniyet-muduru-2-682x1024.jpeg 682w, https:\/\/polisemeklileri.com\/tr\/wp-content\/uploads\/2020\/06\/zafer-aktas-il-emniyet-muduru-2-768x1153.jpeg 768w, https:\/\/polisemeklileri.com\/tr\/wp-content\/uploads\/2020\/06\/zafer-aktas-il-emniyet-muduru-2-1023x1536.jpeg 1023w\" sizes=\"auto, (max-width: 1066px) 100vw, 1066px\" \/><figcaption id=\"caption-attachment-1343\" class=\"wp-caption-text\">\u0130stanbul \u0130l Emniyet M\u00fcd\u00fcr\u00fc Zafer Akta\u015f ve Lokman Y\u0131lmaz<\/figcaption><\/figure>\n","protected":false},"excerpt":{"rendered":"<p>ZAFER AKTA\u015e \u0130STANBUL \u0130L EMN\u0130YET M\u00dcD\u00dcR\u00dc (1.S\u0131n\u0131f Emniyet M\u00fcd\u00fcr\u00fc) 1964 y\u0131l\u0131nda \u00c7anakkale\u2019de do\u011fdu. 1983 y\u0131l\u0131nda Polis Kolejinden, 1987 y\u0131l\u0131nda Polis Akademisinden mezun olarak s\u0131ras\u0131yla Gaziantep, Diyarbak\u0131r, \u0130stihbarat Daire Ba\u015fkanl\u0131\u011f\u0131, Ankara, Ordu, Mardin ve Bolu Emniyet M\u00fcd\u00fcrl\u00fcklerinde \u00e7e\u015fitli birim ve r\u00fctbelerde g\u00f6rev yapt\u0131ktan sonra 2011 y\u0131l\u0131nda 1. S\u0131n\u0131f Emniyet M\u00fcd\u00fcrl\u00fc\u011f\u00fc r\u00fctbesine terfi ederek Tefti\u015f Kurulu Ba\u015fkanl\u0131\u011f\u0131nda &hellip;<\/p>\n","protected":false},"author":1,"featured_media":1342,"comment_status":"closed","ping_status":"open","sticky":false,"template":"","format":"standard","meta":{"footnotes":""},"categories":[2],"tags":[],"class_list":["post-1341","post","type-post","status-publish","format-standard","has-post-thumbnail","","category-il-emniyet-mudurlerimiz"],"_links":{"self":[{"href":"https:\/\/polisemeklileri.com\/tr\/wp-json\/wp\/v2\/posts\/1341","targetHints":{"allow":["GET"]}}],"collection":[{"href":"https:\/\/polisemeklileri.com\/tr\/wp-json\/wp\/v2\/posts"}],"about":[{"href":"https:\/\/polisemeklileri.com\/tr\/wp-json\/wp\/v2\/types\/post"}],"author":[{"embeddable":true,"href":"https:\/\/polisemeklileri.com\/tr\/wp-json\/wp\/v2\/users\/1"}],"replies":[{"embeddable":true,"href":"https:\/\/polisemeklileri.com\/tr\/wp-json\/wp\/v2\/comments?post=1341"}],"version-history":[{"count":1,"href":"https:\/\/polisemeklileri.com\/tr\/wp-json\/wp\/v2\/posts\/1341\/revisions"}],"predecessor-version":[{"id":1344,"href":"https:\/\/polisemeklileri.com\/tr\/wp-json\/wp\/v2\/posts\/1341\/revisions\/1344"}],"wp:featuredmedia":[{"embeddable":true,"href":"https:\/\/polisemeklileri.com\/tr\/wp-json\/wp\/v2\/media\/1342"}],"wp:attachment":[{"href":"https:\/\/polisemeklileri.com\/tr\/wp-json\/wp\/v2\/media?parent=1341"}],"wp:term":[{"taxonomy":"category","embeddable":true,"href":"https:\/\/polisemeklileri.com\/tr\/wp-json\/wp\/v2\/categories?post=1341"},{"taxonomy":"post_tag","embeddable":true,"href":"https:\/\/polisemeklileri.com\/tr\/wp-json\/wp\/v2\/tags?post=1341"}],"curies":[{"name":"wp","href":"https:\/\/api.w.org\/{rel}","templated":true}]}}