{"id":1351,"date":"2020-06-29T16:15:15","date_gmt":"2020-06-29T13:15:15","guid":{"rendered":"http:\/\/polisemeklileri.com\/tr\/?p=1351"},"modified":"2020-06-29T16:15:15","modified_gmt":"2020-06-29T13:15:15","slug":"bursa-merkezli-sok-operasyon-detaylar-ortaya-cikti","status":"publish","type":"post","link":"https:\/\/polisemeklileri.com\/tr\/haberler\/bursa-merkezli-sok-operasyon-detaylar-ortaya-cikti\/","title":{"rendered":"Bursa merkezli \u015fok operasyon! Detaylar ortaya \u00e7\u0131kt\u0131"},"content":{"rendered":"<p>Bursa merkezli 4 ilde d\u00fczenlenen FET\u00d6\/PDY operasyonunda 16 ki\u015fi g\u00f6zalt\u0131na al\u0131nd\u0131. \u015e\u00fcphelilerin \u00f6rg\u00fct \u00fcyelerini yeniden bir araya getirmeye \u00e7al\u0131\u015ft\u0131\u011f\u0131 ve illegal dershane a\u00e7t\u0131klar\u0131 ortaya \u00e7\u0131kt\u0131.<br \/>\n\u200b\u0130l Emniyet M\u00fcd\u00fcrl\u00fc\u011f\u00fc Ter\u00f6rle M\u00fccadele \u015eube M\u00fcd\u00fcrl\u00fc\u011f\u00fc (TEM) ekipleri, FET\u00d6\/PDY \u00fcyesi oldu\u011fu belirtilen ki\u015filerin bir araya gelerek \u00f6rg\u00fct\u00fc aya\u011fa kald\u0131rmaya \u00e7al\u0131\u015ft\u0131\u011f\u0131n\u0131 belirledi.<\/p>\n<p>Yakla\u015f\u0131k 6 ayl\u0131k takibin ard\u0131ndan, illegal dershane a\u00e7an, \u00f6rg\u00fcte \u00fcye olduklar\u0131 gerek\u00e7esiyle g\u00f6revden ihra\u00e7 edilen \u00f6\u011fretmenleri de burada toplayan \u015f\u00fcpheliler tespit edildi.<\/p>\n<p>Bursa Cumhuriyet Ba\u015fsavc\u0131l\u0131\u011f\u0131 yeniden bir yap\u0131lanma i\u00e7erisine giren ve irtibat\u0131 kopan \u00f6rg\u00fct \u00fcyelerini tekrar bir araya getiren 26 ki\u015fi hakk\u0131nda yakalama karar\u0131 \u00e7\u0131kard\u0131.<\/p>\n<p>Operasyon i\u00e7in d\u00fc\u011fmeye basan ekipler, Bursa kent merkezi ile Konya, Giresun ve Manisa&#8217;da \u00e7ok say\u0131da adrese e\u015f zamanl\u0131 bask\u0131n d\u00fczenledi. Bask\u0131nlarda, daha \u00f6nce \u00f6rg\u00fcte ait \u00f6zel okul ve dershanelerde \u00e7al\u0131\u015fan 15 \u00f6\u011fretmen ile 1 ihra\u00e7 ebe g\u00f6zalt\u0131na al\u0131nd\u0131.<\/p>\n<p>Di\u011fer 10 \u015f\u00fcphelinin yakalanmas\u0131 i\u00e7in \u00e7al\u0131\u015fmalar\u0131n s\u00fcrd\u00fc\u011f\u00fc bildirildi.<\/p>\n<p>&nbsp;<\/p>\n<p>Kaynak : <a href=\"https:\/\/www.hurriyet.com.tr\/gundem\/fetonun-yeni-yapilanmasina-yonelik-4-ilde-operasyon-baslatildi-41552788\" target=\"_blank\" rel=\"noopener noreferrer\">H\u00fcrriyet.com.tr<\/a><\/p>\n","protected":false},"excerpt":{"rendered":"<p>Bursa merkezli 4 ilde d\u00fczenlenen FET\u00d6\/PDY operasyonunda 16 ki\u015fi g\u00f6zalt\u0131na al\u0131nd\u0131. \u015e\u00fcphelilerin \u00f6rg\u00fct \u00fcyelerini yeniden bir araya getirmeye \u00e7al\u0131\u015ft\u0131\u011f\u0131 ve illegal dershane a\u00e7t\u0131klar\u0131 ortaya \u00e7\u0131kt\u0131. \u200b\u0130l Emniyet M\u00fcd\u00fcrl\u00fc\u011f\u00fc Ter\u00f6rle M\u00fccadele \u015eube M\u00fcd\u00fcrl\u00fc\u011f\u00fc (TEM) ekipleri, FET\u00d6\/PDY \u00fcyesi oldu\u011fu belirtilen ki\u015filerin bir araya gelerek \u00f6rg\u00fct\u00fc aya\u011fa kald\u0131rmaya \u00e7al\u0131\u015ft\u0131\u011f\u0131n\u0131 belirledi. Yakla\u015f\u0131k 6 ayl\u0131k takibin ard\u0131ndan, illegal dershane a\u00e7an, &hellip;<\/p>\n","protected":false},"author":1,"featured_media":1352,"comment_status":"closed","ping_status":"open","sticky":false,"template":"","format":"standard","meta":{"footnotes":""},"categories":[6],"tags":[],"class_list":["post-1351","post","type-post","status-publish","format-standard","has-post-thumbnail","","category-haberler"],"_links":{"self":[{"href":"https:\/\/polisemeklileri.com\/tr\/wp-json\/wp\/v2\/posts\/1351","targetHints":{"allow":["GET"]}}],"collection":[{"href":"https:\/\/polisemeklileri.com\/tr\/wp-json\/wp\/v2\/posts"}],"about":[{"href":"https:\/\/polisemeklileri.com\/tr\/wp-json\/wp\/v2\/types\/post"}],"author":[{"embeddable":true,"href":"https:\/\/polisemeklileri.com\/tr\/wp-json\/wp\/v2\/users\/1"}],"replies":[{"embeddable":true,"href":"https:\/\/polisemeklileri.com\/tr\/wp-json\/wp\/v2\/comments?post=1351"}],"version-history":[{"count":1,"href":"https:\/\/polisemeklileri.com\/tr\/wp-json\/wp\/v2\/posts\/1351\/revisions"}],"predecessor-version":[{"id":1353,"href":"https:\/\/polisemeklileri.com\/tr\/wp-json\/wp\/v2\/posts\/1351\/revisions\/1353"}],"wp:featuredmedia":[{"embeddable":true,"href":"https:\/\/polisemeklileri.com\/tr\/wp-json\/wp\/v2\/media\/1352"}],"wp:attachment":[{"href":"https:\/\/polisemeklileri.com\/tr\/wp-json\/wp\/v2\/media?parent=1351"}],"wp:term":[{"taxonomy":"category","embeddable":true,"href":"https:\/\/polisemeklileri.com\/tr\/wp-json\/wp\/v2\/categories?post=1351"},{"taxonomy":"post_tag","embeddable":true,"href":"https:\/\/polisemeklileri.com\/tr\/wp-json\/wp\/v2\/tags?post=1351"}],"curies":[{"name":"wp","href":"https:\/\/api.w.org\/{rel}","templated":true}]}}