{"id":1369,"date":"2021-04-21T19:24:51","date_gmt":"2021-04-21T16:24:51","guid":{"rendered":"https:\/\/polisemeklileri.com\/tr\/?p=1369"},"modified":"2021-04-21T19:24:51","modified_gmt":"2021-04-21T16:24:51","slug":"tarsusta-silah-kacakcilarina-duzenlenen-baskinda-14-supheli-gozaltina-alindi","status":"publish","type":"post","link":"https:\/\/polisemeklileri.com\/tr\/haberler\/tarsusta-silah-kacakcilarina-duzenlenen-baskinda-14-supheli-gozaltina-alindi\/","title":{"rendered":"Tarsus&#8217;ta silah ka\u00e7ak\u00e7\u0131lar\u0131na d\u00fczenlenen bask\u0131nda 14 \u015f\u00fcpheli g\u00f6zalt\u0131na al\u0131nd\u0131"},"content":{"rendered":"<p>\u0130l\u00a0Emniyet M\u00fcd\u00fcrl\u00fc\u011f\u00fc\u00a0\u0130stihbarat \u015eube M\u00fcd\u00fcrl\u00fc\u011f\u00fc ile\u00a0Tarsus\u00a0Ka\u00e7ak\u00e7\u0131l\u0131k ve Organize Su\u00e7larla M\u00fccadele Amirli\u011fi\u00a0ekipleri, silah ka\u00e7ak\u00e7\u0131lar\u0131na y\u00f6nelik y\u00fcr\u00fct\u00fclen soru\u015fturma kapsam\u0131nda kimlikleri belirlenen \u015f\u00fcphelileri 3 ay boyunca teknik ve fiziki takibe ald\u0131. Operasyon i\u00e7in harekete ge\u00e7en ekipler Adana ve\u00a0Mersin\u00a0kent merkezi ile Tarsus&#8217;ta \u015f\u00fcphelilerin adreslerine bug\u00fcn sabah e\u015fzamanl\u0131 bask\u0131n yapt\u0131. Ekipler, 14 \u015f\u00fcpheliyi g\u00f6zalt\u0131na ald\u0131. \u015e\u00fcphelilerin adreslerinde yap\u0131lan aramalarda, 2 tabanca, 2 ruhsats\u0131z av t\u00fcfe\u011fi ve 49 av t\u00fcfe\u011fi fi\u015fe\u011fi, \u00e7ok say\u0131da mermi, fi\u015fek ve 6 \u015farj\u00f6r, 3 kurus\u0131k\u0131 tabanca ve 72 kurus\u0131k\u0131 tabanca fi\u015fe\u011fi ve 1 d\u00fczenlenmi\u015f senet ele ge\u00e7irildi. G\u00f6zalt\u0131na al\u0131nan 14 \u015f\u00fcphelinin emniyetteki i\u015flemlerinin devam etti\u011fi bildirildi.<\/p>\n<p><a href=\"https:\/\/www.polishaberleri.org\/tarsus-ta-silah-kacakcilarina-duzenlenen-baskinda-14-supheli-gozaltina-alindi\/30128\/\" target=\"_blank\" rel=\"noopener\">kaynak<\/a><\/p>\n","protected":false},"excerpt":{"rendered":"<p>Mersin ve Adana&#8217;da polisin silah ka\u00e7ak\u00e7\u0131lar\u0131na y\u00f6nelik yapt\u0131\u011f\u0131 operasyonda 14 \u015f\u00fcpheli g\u00f6zalt\u0131na al\u0131nd\u0131.<\/p>\n","protected":false},"author":1,"featured_media":1370,"comment_status":"closed","ping_status":"open","sticky":false,"template":"","format":"standard","meta":{"footnotes":""},"categories":[6],"tags":[],"class_list":["post-1369","post","type-post","status-publish","format-standard","has-post-thumbnail","","category-haberler"],"_links":{"self":[{"href":"https:\/\/polisemeklileri.com\/tr\/wp-json\/wp\/v2\/posts\/1369","targetHints":{"allow":["GET"]}}],"collection":[{"href":"https:\/\/polisemeklileri.com\/tr\/wp-json\/wp\/v2\/posts"}],"about":[{"href":"https:\/\/polisemeklileri.com\/tr\/wp-json\/wp\/v2\/types\/post"}],"author":[{"embeddable":true,"href":"https:\/\/polisemeklileri.com\/tr\/wp-json\/wp\/v2\/users\/1"}],"replies":[{"embeddable":true,"href":"https:\/\/polisemeklileri.com\/tr\/wp-json\/wp\/v2\/comments?post=1369"}],"version-history":[{"count":1,"href":"https:\/\/polisemeklileri.com\/tr\/wp-json\/wp\/v2\/posts\/1369\/revisions"}],"predecessor-version":[{"id":1371,"href":"https:\/\/polisemeklileri.com\/tr\/wp-json\/wp\/v2\/posts\/1369\/revisions\/1371"}],"wp:featuredmedia":[{"embeddable":true,"href":"https:\/\/polisemeklileri.com\/tr\/wp-json\/wp\/v2\/media\/1370"}],"wp:attachment":[{"href":"https:\/\/polisemeklileri.com\/tr\/wp-json\/wp\/v2\/media?parent=1369"}],"wp:term":[{"taxonomy":"category","embeddable":true,"href":"https:\/\/polisemeklileri.com\/tr\/wp-json\/wp\/v2\/categories?post=1369"},{"taxonomy":"post_tag","embeddable":true,"href":"https:\/\/polisemeklileri.com\/tr\/wp-json\/wp\/v2\/tags?post=1369"}],"curies":[{"name":"wp","href":"https:\/\/api.w.org\/{rel}","templated":true}]}}