{"id":1372,"date":"2021-04-21T19:26:22","date_gmt":"2021-04-21T16:26:22","guid":{"rendered":"https:\/\/polisemeklileri.com\/tr\/?p=1372"},"modified":"2021-04-21T19:26:22","modified_gmt":"2021-04-21T16:26:22","slug":"adanada-evde-basindan-tabancayla-vurulan-cocuk-agir-yaralandi","status":"publish","type":"post","link":"https:\/\/polisemeklileri.com\/tr\/haberler\/adanada-evde-basindan-tabancayla-vurulan-cocuk-agir-yaralandi\/","title":{"rendered":"Adana&#8217;da Evde ba\u015f\u0131ndan tabancayla vurulan \u00e7ocuk a\u011f\u0131r yaraland\u0131"},"content":{"rendered":"<p>Olay, saat 14.00 s\u0131ralar\u0131nda merkez Y\u00fcre\u011fir il\u00e7esine ba\u011fl\u0131\u00a0Ak\u0131nc\u0131lar\u00a0Mahallesi&#8217;ndeki 2\u00a0katl\u0131\u00a0evin, en \u00fcst kat\u0131nda meydana geldi. \u0130ddiaya g\u00f6re, mutfakta oturdu\u011fu s\u0131rada silah sesi duyan Refika G., evin salonuna ge\u00e7ti. Refika G., k\u0131z\u0131 M.G.&#8217;nin kanlar i\u00e7inde yerde hareketsiz yatt\u0131\u011f\u0131n\u0131 g\u00f6rd\u00fc. Refika G.&#8217;nin yard\u0131m istedi\u011fi kom\u015fular\u0131 M.G.&#8217;yi otomobille Y\u00fcre\u011fir\u00a0Devlet Hastanesi&#8217;ne g\u00f6t\u00fcrd\u00fc. Tedaviye al\u0131nan M.G.&#8217;nin, ba\u015f\u0131ndan tabancayla vuruldu\u011fu belirlendi. Bu s\u0131rada hastanenin \u00f6n\u00fcne gelen M.G.&#8217;nin yak\u0131nlar\u0131 uzun s\u00fcre g\u00f6zya\u015f\u0131 d\u00f6k\u00fcp, sinir krizi ge\u00e7irdi.\u00a0M.G., yap\u0131lan m\u00fcdahalenin ard\u0131ndan ambulansla\u00a0Adana\u00a0\u015eehir\u00a0E\u011fitim ve Ara\u015ft\u0131rma Hastanesi&#8217;ne sevk edildi. Burada hayati tehlikesi bulunan M.G. ameliyata al\u0131nd\u0131.\u00d6te yandan durumun bildirilmesi \u00fczerine olay yerine \u00e7ok say\u0131da polis ekibi sevk edildi. Olay yerinde inceleme yapan polis, evde bir tabanca,\u00a01 bo\u015f kovan ve mermi \u00e7ekirde\u011fi buldu. Olayla ilgili soru\u015fturma s\u00fcr\u00fcyor.<\/p>\n<p><a href=\"https:\/\/www.polishaberleri.org\/adana-da-evde-basindan-tabancayla-vurulan-cocuk-agir-yaralandi\/30126\/\" target=\"_blank\" rel=\"noopener\">kaynak<\/a><\/p>\n","protected":false},"excerpt":{"rendered":"<p>Adana&#8217;da evde oturdu\u011fu s\u0131rada ba\u015f\u0131ndan tabancayla vurulan M.G. (7), adl\u0131 k\u0131z \u00e7ocu\u011fu a\u011f\u0131r yaraland\u0131. M.G. hastaneye kald\u0131r\u0131l\u0131rken, evde bulunan tabanca incelemeye al\u0131nd\u0131.<\/p>\n","protected":false},"author":1,"featured_media":1373,"comment_status":"closed","ping_status":"open","sticky":false,"template":"","format":"standard","meta":{"footnotes":""},"categories":[6],"tags":[],"class_list":["post-1372","post","type-post","status-publish","format-standard","has-post-thumbnail","","category-haberler"],"_links":{"self":[{"href":"https:\/\/polisemeklileri.com\/tr\/wp-json\/wp\/v2\/posts\/1372","targetHints":{"allow":["GET"]}}],"collection":[{"href":"https:\/\/polisemeklileri.com\/tr\/wp-json\/wp\/v2\/posts"}],"about":[{"href":"https:\/\/polisemeklileri.com\/tr\/wp-json\/wp\/v2\/types\/post"}],"author":[{"embeddable":true,"href":"https:\/\/polisemeklileri.com\/tr\/wp-json\/wp\/v2\/users\/1"}],"replies":[{"embeddable":true,"href":"https:\/\/polisemeklileri.com\/tr\/wp-json\/wp\/v2\/comments?post=1372"}],"version-history":[{"count":1,"href":"https:\/\/polisemeklileri.com\/tr\/wp-json\/wp\/v2\/posts\/1372\/revisions"}],"predecessor-version":[{"id":1374,"href":"https:\/\/polisemeklileri.com\/tr\/wp-json\/wp\/v2\/posts\/1372\/revisions\/1374"}],"wp:featuredmedia":[{"embeddable":true,"href":"https:\/\/polisemeklileri.com\/tr\/wp-json\/wp\/v2\/media\/1373"}],"wp:attachment":[{"href":"https:\/\/polisemeklileri.com\/tr\/wp-json\/wp\/v2\/media?parent=1372"}],"wp:term":[{"taxonomy":"category","embeddable":true,"href":"https:\/\/polisemeklileri.com\/tr\/wp-json\/wp\/v2\/categories?post=1372"},{"taxonomy":"post_tag","embeddable":true,"href":"https:\/\/polisemeklileri.com\/tr\/wp-json\/wp\/v2\/tags?post=1372"}],"curies":[{"name":"wp","href":"https:\/\/api.w.org\/{rel}","templated":true}]}}