{"id":1375,"date":"2021-04-21T19:27:31","date_gmt":"2021-04-21T16:27:31","guid":{"rendered":"https:\/\/polisemeklileri.com\/tr\/?p=1375"},"modified":"2021-04-21T19:27:31","modified_gmt":"2021-04-21T16:27:31","slug":"4-aylik-asya-bebek-kades-sayesinde-kurtuldu","status":"publish","type":"post","link":"https:\/\/polisemeklileri.com\/tr\/haberler\/4-aylik-asya-bebek-kades-sayesinde-kurtuldu\/","title":{"rendered":"4 Ayl\u0131k Asya Bebek Kades Sayesinde Kurtuldu"},"content":{"rendered":"<p>Ankara&#8217;da yemek \u015firketi i\u015fleten Levent S\u00f6zen (36), 2.5 y\u0131ll\u0131k e\u015fi \u00f6\u011fretim g\u00f6revlisi Nergiz S\u00f6zen&#8217;e (30) psikolojik ve fiziksel \u015fiddet uyguluyordu. Levent S\u00f6zen, bo\u015fanma davas\u0131n\u0131 a\u015fan e\u015fini 4 ayl\u0131k bebekleri Asya&#8217;y\u0131 ka\u00e7\u0131rmakla tehdit ediyordu. S\u00f6zen 17 Nisan g\u00fcn\u00fc Asya bebe\u011fi ka\u00e7\u0131rd\u0131. Asya bebek, polis ekiplerinin \u00e7al\u0131\u015fmas\u0131 ile bulundu, babas\u0131 g\u00f6zalt\u0131na al\u0131nd\u0131.<\/p>\n<h3><b>Organize Hareket Ettiler<\/b><\/h3>\n<p>Mahkeme bebe\u011fi g\u00f6rmesi i\u00e7in g\u00f6r\u00fc\u015f onay\u0131 vermi\u015fti. O g\u00fcn annesi \u015eaziye S\u00f6zen ve ablalar\u0131 Aysun Do\u011fan ve Asl\u0131 Tamer ile geldi. G\u00f6z\u00fc s\u00fcrekli camdayd\u0131. Annem ve day\u0131m\u0131 oyalay\u0131p bebe\u011fi camdan ka\u00e7\u0131r\u0131p, jiletli tel \u00f6rg\u00fcn\u00fcn \u00fczerinden tan\u0131mad\u0131\u011f\u0131m bir adama verdi. \u00dc\u00e7 d\u00f6rt ara\u00e7la konvoy halinde ka\u00e7\u0131rd\u0131lar bebe\u011fimi. Uzakla\u015ft\u0131rma karar\u0131 oldu\u011fu i\u00e7in ben \u00fcst kattan kamera ile izliyordum onlar\u0131.<\/p>\n<p>\u015e\u00fcpheli hareketleri vard\u0131 o y\u00fczden elim KADES uygulamas\u0131ndayd\u0131. Pencereden ka\u00e7arken uygulamay\u0131 kulland\u0131m. Organize \u015fekilde hareket ettiler ama onlar\u0131n planlar\u0131 KADES ile bozuldu. Belki bebe\u011fimi \u015fehir d\u0131\u015f\u0131na ka\u00e7\u0131racakt\u0131. Anne ve ablas\u0131 da ka\u00e7mak istedi ama k\u0131sa s\u00fcrede polis geldi.<\/p>\n<h3><strong>\u0130yi Ki KADES Var<\/strong><\/h3>\n<p>Avukat\u0131m tehditlerden dolay\u0131 KADES uygulamas\u0131n\u0131 indirmemi tavsiye etmi\u015fti.\u00a0\u0130yi ki KADES&#8217;i indirmi\u015fim, uygulama sayesinde iki dakika i\u00e7inde polisler geldi. Bebe\u011fimi KADES sayesinde buldum. Her kad\u0131n KADES&#8217;i indirsin. Kad\u0131na \u015fiddet ve kad\u0131n cinayetleri son bulsun. Ba\u015fta Cumhurba\u015fkan\u0131&#8217;ma, \u0130\u00e7i\u015fleri Bakan\u0131&#8217;m\u0131za t\u00fcm emniyet g\u00fc\u00e7lerine \u00e7ok te\u015fekk\u00fcr ederim. Kad\u0131nlar kesinlikle korkmas\u0131n. \u015eiddet g\u00f6r\u00fcyorlarsa devlete ba\u015fvursun. Avukat\u0131m\u0131n tavsiyesiyle eve kamera yerle\u015ftirmi\u015ftim. \u0130yi ki o kamera kay\u0131tlar\u0131 da var. Anbean bebe\u011fimin ka\u00e7\u0131r\u0131lma an\u0131 mevcut.<\/p>\n<p><a href=\"https:\/\/www.polishaberleri.org\/4-aylik-asya-bebek-kades-sayesinde-kurtuldu\/30124\/\" target=\"_blank\" rel=\"noopener\">kaynak<\/a><\/p>\n","protected":false},"excerpt":{"rendered":"<p>Ankara\u2019da, e\u015finin bo\u015fanma davas\u0131 a\u00e7t\u0131\u011f\u0131 Levent S\u00f6zen, 4 ayl\u0131k bebekleri Asya\u2019y\u0131 ka\u00e7\u0131rd\u0131. Anne Nergiz S\u00f6zen hemen KADES uygulamas\u0131n\u0131 kulland\u0131. Polis ekipleri \u015fehir d\u0131\u015f\u0131na ka\u00e7mak isteyen babay\u0131 yakalad\u0131. Asya bebek annesine teslim edildi<\/p>\n","protected":false},"author":1,"featured_media":1376,"comment_status":"closed","ping_status":"open","sticky":false,"template":"","format":"standard","meta":{"footnotes":""},"categories":[6],"tags":[],"class_list":["post-1375","post","type-post","status-publish","format-standard","has-post-thumbnail","","category-haberler"],"_links":{"self":[{"href":"https:\/\/polisemeklileri.com\/tr\/wp-json\/wp\/v2\/posts\/1375","targetHints":{"allow":["GET"]}}],"collection":[{"href":"https:\/\/polisemeklileri.com\/tr\/wp-json\/wp\/v2\/posts"}],"about":[{"href":"https:\/\/polisemeklileri.com\/tr\/wp-json\/wp\/v2\/types\/post"}],"author":[{"embeddable":true,"href":"https:\/\/polisemeklileri.com\/tr\/wp-json\/wp\/v2\/users\/1"}],"replies":[{"embeddable":true,"href":"https:\/\/polisemeklileri.com\/tr\/wp-json\/wp\/v2\/comments?post=1375"}],"version-history":[{"count":1,"href":"https:\/\/polisemeklileri.com\/tr\/wp-json\/wp\/v2\/posts\/1375\/revisions"}],"predecessor-version":[{"id":1377,"href":"https:\/\/polisemeklileri.com\/tr\/wp-json\/wp\/v2\/posts\/1375\/revisions\/1377"}],"wp:featuredmedia":[{"embeddable":true,"href":"https:\/\/polisemeklileri.com\/tr\/wp-json\/wp\/v2\/media\/1376"}],"wp:attachment":[{"href":"https:\/\/polisemeklileri.com\/tr\/wp-json\/wp\/v2\/media?parent=1375"}],"wp:term":[{"taxonomy":"category","embeddable":true,"href":"https:\/\/polisemeklileri.com\/tr\/wp-json\/wp\/v2\/categories?post=1375"},{"taxonomy":"post_tag","embeddable":true,"href":"https:\/\/polisemeklileri.com\/tr\/wp-json\/wp\/v2\/tags?post=1375"}],"curies":[{"name":"wp","href":"https:\/\/api.w.org\/{rel}","templated":true}]}}