{"id":1527,"date":"2025-04-05T14:50:05","date_gmt":"2025-04-05T11:50:05","guid":{"rendered":"https:\/\/polisemeklileri.com\/tr\/?p=1527"},"modified":"2025-04-05T14:50:05","modified_gmt":"2025-04-05T11:50:05","slug":"polis-ruzgardan-yipranan-turk-bayragini-degistirdi","status":"publish","type":"post","link":"https:\/\/polisemeklileri.com\/tr\/genel\/polis-ruzgardan-yipranan-turk-bayragini-degistirdi\/","title":{"rendered":"Polis r\u00fczgardan y\u0131pranan T\u00fcrk bayra\u011f\u0131n\u0131 de\u011fi\u015ftirdi."},"content":{"rendered":"<p>KIRIKKALE&#8217; nin Bah\u015f\u0131l\u0131 i\u00e7esinde devriye g\u00f6revindeki polis ekibi, bir vatanda\u015f\u0131n bah\u00e7esinde r\u00fczgardan y\u0131pranan T\u00fcrk bayra\u011f\u0131n\u0131 yenisi ile de\u011fi\u015ftirdi.<\/p>\n<p>\u0130l\u00e7e Emniyet M\u00fcd\u00fcrl\u00fc\u011f\u00fc ekipleri, devriye s\u0131ras\u0131nda Mustafa Heyvac\u0131&#8217;ya ait bah\u00e7ede bulunan T\u00fcrk bayra\u011f\u0131n\u0131n r\u00fczgardan y\u0131prand\u0131\u011f\u0131n\u0131 fark etti. Bunun \u00fczerine Helvac\u0131 ile irtibata ge\u00e7en polisler, bah\u00e7e kap\u0131s\u0131n\u0131 a\u00e7t\u0131rarak y\u0131pranan bayra\u011f\u0131 yenisi ile de\u011fi\u015ftirdi. Bu s\u0131rada \u00e7evredekiler, polisleri alk\u0131\u015flayarak tebrik etti. (DHA)<\/p>\n<p>&nbsp;<\/p>\n<p>Kaynak\u00a0 Burak CAN\/KIRIKKALE, (DHA)-<\/p>\n","protected":false},"excerpt":{"rendered":"<p>KIRIKKALE&#8217; nin Bah\u015f\u0131l\u0131 i\u00e7esinde devriye g\u00f6revindeki polis ekibi, bir vatanda\u015f\u0131n bah\u00e7esinde r\u00fczgardan y\u0131pranan T\u00fcrk bayra\u011f\u0131n\u0131 yenisi ile de\u011fi\u015ftirdi. \u0130l\u00e7e Emniyet M\u00fcd\u00fcrl\u00fc\u011f\u00fc ekipleri, devriye s\u0131ras\u0131nda Mustafa Heyvac\u0131&#8217;ya ait bah\u00e7ede bulunan T\u00fcrk bayra\u011f\u0131n\u0131n r\u00fczgardan y\u0131prand\u0131\u011f\u0131n\u0131 fark etti. Bunun \u00fczerine Helvac\u0131 ile irtibata ge\u00e7en polisler, bah\u00e7e kap\u0131s\u0131n\u0131 a\u00e7t\u0131rarak y\u0131pranan bayra\u011f\u0131 yenisi ile de\u011fi\u015ftirdi. Bu s\u0131rada \u00e7evredekiler, polisleri alk\u0131\u015flayarak &hellip;<\/p>\n","protected":false},"author":5,"featured_media":1528,"comment_status":"open","ping_status":"open","sticky":false,"template":"","format":"standard","meta":{"footnotes":""},"categories":[1],"tags":[],"class_list":["post-1527","post","type-post","status-publish","format-standard","has-post-thumbnail","","category-genel"],"_links":{"self":[{"href":"https:\/\/polisemeklileri.com\/tr\/wp-json\/wp\/v2\/posts\/1527","targetHints":{"allow":["GET"]}}],"collection":[{"href":"https:\/\/polisemeklileri.com\/tr\/wp-json\/wp\/v2\/posts"}],"about":[{"href":"https:\/\/polisemeklileri.com\/tr\/wp-json\/wp\/v2\/types\/post"}],"author":[{"embeddable":true,"href":"https:\/\/polisemeklileri.com\/tr\/wp-json\/wp\/v2\/users\/5"}],"replies":[{"embeddable":true,"href":"https:\/\/polisemeklileri.com\/tr\/wp-json\/wp\/v2\/comments?post=1527"}],"version-history":[{"count":1,"href":"https:\/\/polisemeklileri.com\/tr\/wp-json\/wp\/v2\/posts\/1527\/revisions"}],"predecessor-version":[{"id":1529,"href":"https:\/\/polisemeklileri.com\/tr\/wp-json\/wp\/v2\/posts\/1527\/revisions\/1529"}],"wp:featuredmedia":[{"embeddable":true,"href":"https:\/\/polisemeklileri.com\/tr\/wp-json\/wp\/v2\/media\/1528"}],"wp:attachment":[{"href":"https:\/\/polisemeklileri.com\/tr\/wp-json\/wp\/v2\/media?parent=1527"}],"wp:term":[{"taxonomy":"category","embeddable":true,"href":"https:\/\/polisemeklileri.com\/tr\/wp-json\/wp\/v2\/categories?post=1527"},{"taxonomy":"post_tag","embeddable":true,"href":"https:\/\/polisemeklileri.com\/tr\/wp-json\/wp\/v2\/tags?post=1527"}],"curies":[{"name":"wp","href":"https:\/\/api.w.org\/{rel}","templated":true}]}}