{"id":1604,"date":"2025-08-02T15:49:45","date_gmt":"2025-08-02T12:49:45","guid":{"rendered":"https:\/\/polisemeklileri.com\/tr\/?p=1604"},"modified":"2025-08-03T15:53:34","modified_gmt":"2025-08-03T12:53:34","slug":"25-yillik-kuyumcu-altinlarla-ortadan-kayboldu-musteriler-sikayetci-oldu","status":"publish","type":"post","link":"https:\/\/polisemeklileri.com\/tr\/genel\/25-yillik-kuyumcu-altinlarla-ortadan-kayboldu-musteriler-sikayetci-oldu\/","title":{"rendered":"25 y\u0131ll\u0131k kuyumcu alt\u0131nlarla ortadan kayboldu, m\u00fc\u015fteriler \u015fikayet\u00e7i oldu"},"content":{"rendered":"<h4>K\u00fc\u00e7\u00fck\u00e7ekmece&#8217;de 25 y\u0131ld\u0131r kuyumculuk yapan bir \u015fah\u0131s, i\u015f yerindeki b\u00fct\u00fcn alt\u0131nlar\u0131 ald\u0131ktan sonra kepenkleri kapatarak ortadan kayboldu. Bir sonraki g\u00fcn kuyumcunun \u00f6n\u00fcnde toplanan m\u00fc\u015fterilerden baz\u0131lar\u0131, ald\u0131klar\u0131 alt\u0131nlar\u0131n sahte \u00e7\u0131kt\u0131\u011f\u0131n\u0131 \u00f6ne s\u00fcrerek polise ba\u015fvurdu. Yat\u0131r\u0131m amac\u0131yla alt\u0131nlar\u0131 kuyumcuya emanet edenlerin de aralar\u0131nda oldu\u011fu onlarca ki\u015fi doland\u0131r\u0131ld\u0131klar\u0131n\u0131 belirtti.<\/h4>\n<p>Mevlana Mahallesi Sefa Caddesi&#8217;nde 25 y\u0131ld\u0131r kuyumculuk yapan esnaf Hakan G. iddiaya g\u00f6re, 31 Temmuz Per\u015fembe g\u00fcn\u00fc ak\u015fam saatlerinde i\u015f yerindeki b\u00fct\u00fcn alt\u0131nlar\u0131 ald\u0131 ard\u0131ndan da i\u015f yerinin kepenklerini kapatarak ortadan kayboldu. Bir sonraki g\u00fcn kuyumcu d\u00fckkan\u0131n\u0131n \u00f6n\u00fcne gelen m\u00fc\u015fteriler, kuyumcu Hakan G.&#8217;ye ula\u015famay\u0131nca polise ba\u015fvurdu. M\u00fc\u015fterilerini milyonlarca lira doland\u0131ran kuyumcu, kimisine ayar\u0131 farkl\u0131 alt\u0131n satarken kimisine sahte alt\u0131n satt\u0131. Polis her yerde \u015f\u00fcpheli kuyumcuyu ararken, geride kalan ma\u011fdurlar ise alt\u0131nlar\u0131n\u0131 istiyor.<\/p>\n<h5>&#8220;Z\u0130NC\u0130R SAHTEYM\u0130\u015e&#8221;<\/h5>\n<p>Ma\u011fdur Semra Mutlu, &#8220;25 y\u0131ld\u0131r burada kuyumcuydu, g\u00fcveniyorduk. S\u00fcrekli al\u0131\u015fveri\u015f yap\u0131yorduk. En son 4 ay \u00f6nce bir zincir almak istedim 130 bin liraya Bug\u00fcn yar\u0131n sabah ak\u015fam diyerek 4 ay boyunca erteledi. 2 g\u00fcn oldu ka\u00e7m\u0131\u015f gitmi\u015f. Daha \u00f6nce de alt\u0131n ald\u0131k onlar da sahte mi de\u011fil mi bilmiyoruz. Bulgaristan&#8217;a ka\u00e7t\u0131\u011f\u0131 s\u00f6yleniyor. Burada bir\u00e7ok ki\u015fi ma\u011fduruz. Bir tane zincir verdi bana, &#8216;Bunu tak \u015fimdilik&#8217; dedi. \u0130nsanlar\u0131n tavsiyesi \u00fczerine gidip ba\u015fka bir kuyumcuda bakt\u0131rd\u0131m, sahteymi\u015f. Suya bat\u0131r\u0131lm\u0131\u015f. Kuyumcuda sordum ben, 130 bin lira dediler. \u00c7ok ma\u011fduruz&#8221; dedi.<\/p>\n<h5>&#8220;400 M\u0130LYON KADAR B\u0130R VURGUN&#8221;<\/h5>\n<p>Bir di\u011fer ma\u011fdur Adem Kara ise, &#8220;Hakan a\u011fabeyi \u00f6nceden tan\u0131yorduk, y\u0131llard\u0131r al\u0131\u015fveri\u015f yap\u0131yorduk. Annem bileziklerini buraya verdi\u011finde 20 g\u00fcn boyunca annem oyalam\u0131\u015f bug\u00fcn yar\u0131n diyerek. Bir g\u00fcn \u00f6ncesinde de annem tekrar buraya geliyor, alt\u0131nlar\u0131n\u0131n nerede oldu\u011funu soruyor. O da anneme cevap olarak d\u00fckkan\u0131n alev ald\u0131\u011f\u0131n\u0131 neredeyse binan\u0131n yanaca\u011f\u0131n\u0131 s\u00f6ylemi\u015f. Sonras\u0131nda annemi oyalay\u0131p tekrar g\u00f6nderiyor. B\u0130R g\u00fcn sonra tekrar geldi\u011fimizde d\u00fckkan kapal\u0131yd\u0131. Mahalleden duyuyoruz gitti\u011fini. 400 milyon lira kadar bir vurgun yapt\u0131\u011f\u0131 s\u00f6yleniyor&#8221; diye konu\u015ftu.<\/p>\n<h5>&#8220;YURTDI\u015eINA KA\u00c7TI\u011eI S\u00d6YLEN\u0130YOR&#8221;<\/h5>\n<p>Mahalle sakini Y\u0131lmaz Karaf\u0131rt\u0131nalar, &#8220;\u00d6zel ara\u00e7lara binip g\u00f6steri\u015f yaparak insanlar\u0131 kand\u0131rd\u0131. \u0130nsanlar\u0131n paras\u0131n\u0131 al\u0131p ka\u00e7m\u0131\u015f.2-3 g\u00fcnden beri yok. Ma\u011fdurlar\u0131n say\u0131s\u0131 \u00e7ok, gelen giden de \u00e7ok. Kime soruyorsan ma\u011fdur olmu\u015f, neredesin mahallinin tamam\u0131 ve mahalle d\u0131\u015f\u0131ndaki bir\u00e7ok insan\u0131 ma\u011fdur etmi\u015f. Yurtd\u0131\u015f\u0131na ka\u00e7t\u0131\u011f\u0131n\u0131 s\u00f6yl\u00fcyorlar. \u0130nsanlar bekliyor, aray\u0131\u015f i\u00e7erisindeler. D\u00fckkan \u015fu anda kepenkleri kendisi kapat\u0131p gitmi\u015f. \u0130nsanlar buran\u0131n kapal\u0131 oldu\u011funu g\u00f6r\u00fcnce uyanmaya ba\u015flad\u0131. \u0130nsanlar uyand\u0131ktan sonra tabii i\u015f i\u015ften ge\u00e7ti&#8221; dedi.<\/p>\n<div class=\"editorSade\">Kaynak: Demir\u00f6ren Haber Ajans\u0131<\/div>\n","protected":false},"excerpt":{"rendered":"<p>K\u00fc\u00e7\u00fck\u00e7ekmece&#8217;de 25 y\u0131ld\u0131r kuyumculuk yapan bir \u015fah\u0131s, i\u015f yerindeki b\u00fct\u00fcn alt\u0131nlar\u0131 ald\u0131ktan sonra kepenkleri kapatarak ortadan kayboldu. Bir sonraki g\u00fcn kuyumcunun \u00f6n\u00fcnde toplanan m\u00fc\u015fterilerden baz\u0131lar\u0131, ald\u0131klar\u0131 alt\u0131nlar\u0131n sahte \u00e7\u0131kt\u0131\u011f\u0131n\u0131 \u00f6ne s\u00fcrerek polise ba\u015fvurdu. Yat\u0131r\u0131m amac\u0131yla alt\u0131nlar\u0131 kuyumcuya emanet edenlerin de aralar\u0131nda oldu\u011fu onlarca ki\u015fi doland\u0131r\u0131ld\u0131klar\u0131n\u0131 belirtti. Mevlana Mahallesi Sefa Caddesi&#8217;nde 25 y\u0131ld\u0131r kuyumculuk yapan esnaf &hellip;<\/p>\n","protected":false},"author":5,"featured_media":1605,"comment_status":"open","ping_status":"open","sticky":false,"template":"","format":"standard","meta":{"footnotes":""},"categories":[1],"tags":[],"class_list":["post-1604","post","type-post","status-publish","format-standard","has-post-thumbnail","","category-genel"],"_links":{"self":[{"href":"https:\/\/polisemeklileri.com\/tr\/wp-json\/wp\/v2\/posts\/1604","targetHints":{"allow":["GET"]}}],"collection":[{"href":"https:\/\/polisemeklileri.com\/tr\/wp-json\/wp\/v2\/posts"}],"about":[{"href":"https:\/\/polisemeklileri.com\/tr\/wp-json\/wp\/v2\/types\/post"}],"author":[{"embeddable":true,"href":"https:\/\/polisemeklileri.com\/tr\/wp-json\/wp\/v2\/users\/5"}],"replies":[{"embeddable":true,"href":"https:\/\/polisemeklileri.com\/tr\/wp-json\/wp\/v2\/comments?post=1604"}],"version-history":[{"count":1,"href":"https:\/\/polisemeklileri.com\/tr\/wp-json\/wp\/v2\/posts\/1604\/revisions"}],"predecessor-version":[{"id":1606,"href":"https:\/\/polisemeklileri.com\/tr\/wp-json\/wp\/v2\/posts\/1604\/revisions\/1606"}],"wp:featuredmedia":[{"embeddable":true,"href":"https:\/\/polisemeklileri.com\/tr\/wp-json\/wp\/v2\/media\/1605"}],"wp:attachment":[{"href":"https:\/\/polisemeklileri.com\/tr\/wp-json\/wp\/v2\/media?parent=1604"}],"wp:term":[{"taxonomy":"category","embeddable":true,"href":"https:\/\/polisemeklileri.com\/tr\/wp-json\/wp\/v2\/categories?post=1604"},{"taxonomy":"post_tag","embeddable":true,"href":"https:\/\/polisemeklileri.com\/tr\/wp-json\/wp\/v2\/tags?post=1604"}],"curies":[{"name":"wp","href":"https:\/\/api.w.org\/{rel}","templated":true}]}}