{"id":1607,"date":"2025-08-08T12:28:27","date_gmt":"2025-08-08T09:28:27","guid":{"rendered":"https:\/\/polisemeklileri.com\/tr\/?p=1607"},"modified":"2025-08-08T12:29:12","modified_gmt":"2025-08-08T09:29:12","slug":"film-sahnesi-gibi-baskin-ani-polis-her-yerde-onu-ariyordu-saklandigi-yer-polisleri-de-sasirtti","status":"publish","type":"post","link":"https:\/\/polisemeklileri.com\/tr\/genel\/film-sahnesi-gibi-baskin-ani-polis-her-yerde-onu-ariyordu-saklandigi-yer-polisleri-de-sasirtti\/","title":{"rendered":"Film sahnesi gibi bask\u0131n an\u0131! Polis her yerde onu ar\u0131yordu. Sakland\u0131\u011f\u0131 yer polisleri de \u015fa\u015f\u0131rtt\u0131"},"content":{"rendered":"<div class=\"news-content__inf\">\n<h3>Edirne\u2019nin \u0130psala il\u00e7esinde polis ve jandarma taraf\u0131ndan d\u00fczenlenen ortak operasyonda, 33 y\u0131l 4 ay kesinle\u015fmi\u015f hapis cezas\u0131 bulunan firari h\u00fck\u00fcml\u00fc M.K., evdeki raf\u0131n arkas\u0131nda saklan\u0131rken yakalanarak, g\u00f6zalt\u0131na al\u0131nd\u0131. Operasyon anlar\u0131 polis kameras\u0131na yans\u0131d\u0131.<\/h3>\n<\/div>\n<div class=\"news-content readingTime\">\n<p>Edirne\u00a0\u0130l Emniyet M\u00fcd\u00fcrl\u00fc\u011f\u00fc\u00a0Asayi\u015f\u00a0\u015eube M\u00fcd\u00fcrl\u00fc\u011f\u00fc\u2019ne ba\u011fl\u0131 Aranan \u015eah\u0131slar B\u00fcro Amirli\u011fi, \u0130psala \u0130l\u00e7e Emniyet M\u00fcd\u00fcrl\u00fc\u011f\u00fc ve \u0130l Jandarma Komutanl\u0131\u011f\u0131 Jandarma Su\u00e7 Ara\u015ft\u0131rma Timi (JASAT) ekipleri, Edirne Cumhuriyet Ba\u015fsavc\u0131l\u0131\u011f\u0131 koordinesinde, aranan ki\u015filerin yakalanmas\u0131na y\u00f6nelik \u0130psala\u2019da bir eve operasyon d\u00fczenledi.<\/p>\n<p>Ekipler, yapt\u0131klar\u0131 teknik ve fiziki takip sonucunda \u2018Birden fazla ki\u015fiyle geceleyin silahl\u0131 ya\u011fma\u2019 su\u00e7undan hakk\u0131nda 33 y\u0131l 4 ay kesinle\u015fmi\u015f hapis cezas\u0131 bulunan firari h\u00fck\u00fcml\u00fc M.K.&#8217;y\u0131, evde sakland\u0131\u011f\u0131 raf\u0131n arkas\u0131nda yakalayarak, g\u00f6zalt\u0131na ald\u0131.<\/p>\n<p>M.K., i\u015flemlerinin ard\u0131ndan sevk edildi\u011fi adli makamlarca tutuklanarak, cezaevine teslim edildi. Operasyon anlar\u0131 ise polis kameras\u0131nca kaydedildi.<\/p>\n<p>&nbsp;<\/p>\n<p>&nbsp;<\/p>\n<div class=\"news-fullwith-img\"><\/div>\n<\/div>\n","protected":false},"excerpt":{"rendered":"<p>Edirne\u2019nin \u0130psala il\u00e7esinde polis ve jandarma taraf\u0131ndan d\u00fczenlenen ortak operasyonda, 33 y\u0131l 4 ay kesinle\u015fmi\u015f hapis cezas\u0131 bulunan firari h\u00fck\u00fcml\u00fc M.K., evdeki raf\u0131n arkas\u0131nda saklan\u0131rken yakalanarak, g\u00f6zalt\u0131na al\u0131nd\u0131. Operasyon anlar\u0131 polis kameras\u0131na yans\u0131d\u0131. Edirne\u00a0\u0130l Emniyet M\u00fcd\u00fcrl\u00fc\u011f\u00fc\u00a0Asayi\u015f\u00a0\u015eube M\u00fcd\u00fcrl\u00fc\u011f\u00fc\u2019ne ba\u011fl\u0131 Aranan \u015eah\u0131slar B\u00fcro Amirli\u011fi, \u0130psala \u0130l\u00e7e Emniyet M\u00fcd\u00fcrl\u00fc\u011f\u00fc ve \u0130l Jandarma Komutanl\u0131\u011f\u0131 Jandarma Su\u00e7 Ara\u015ft\u0131rma Timi (JASAT) &hellip;<\/p>\n","protected":false},"author":5,"featured_media":1608,"comment_status":"open","ping_status":"open","sticky":false,"template":"","format":"standard","meta":{"footnotes":""},"categories":[1],"tags":[],"class_list":["post-1607","post","type-post","status-publish","format-standard","has-post-thumbnail","","category-genel"],"_links":{"self":[{"href":"https:\/\/polisemeklileri.com\/tr\/wp-json\/wp\/v2\/posts\/1607","targetHints":{"allow":["GET"]}}],"collection":[{"href":"https:\/\/polisemeklileri.com\/tr\/wp-json\/wp\/v2\/posts"}],"about":[{"href":"https:\/\/polisemeklileri.com\/tr\/wp-json\/wp\/v2\/types\/post"}],"author":[{"embeddable":true,"href":"https:\/\/polisemeklileri.com\/tr\/wp-json\/wp\/v2\/users\/5"}],"replies":[{"embeddable":true,"href":"https:\/\/polisemeklileri.com\/tr\/wp-json\/wp\/v2\/comments?post=1607"}],"version-history":[{"count":2,"href":"https:\/\/polisemeklileri.com\/tr\/wp-json\/wp\/v2\/posts\/1607\/revisions"}],"predecessor-version":[{"id":1610,"href":"https:\/\/polisemeklileri.com\/tr\/wp-json\/wp\/v2\/posts\/1607\/revisions\/1610"}],"wp:featuredmedia":[{"embeddable":true,"href":"https:\/\/polisemeklileri.com\/tr\/wp-json\/wp\/v2\/media\/1608"}],"wp:attachment":[{"href":"https:\/\/polisemeklileri.com\/tr\/wp-json\/wp\/v2\/media?parent=1607"}],"wp:term":[{"taxonomy":"category","embeddable":true,"href":"https:\/\/polisemeklileri.com\/tr\/wp-json\/wp\/v2\/categories?post=1607"},{"taxonomy":"post_tag","embeddable":true,"href":"https:\/\/polisemeklileri.com\/tr\/wp-json\/wp\/v2\/tags?post=1607"}],"curies":[{"name":"wp","href":"https:\/\/api.w.org\/{rel}","templated":true}]}}