{"id":1627,"date":"2025-08-14T20:36:01","date_gmt":"2025-08-14T17:36:01","guid":{"rendered":"https:\/\/polisemeklileri.com\/tr\/?p=1627"},"modified":"2025-09-08T20:47:32","modified_gmt":"2025-09-08T17:47:32","slug":"insan-haklari-komisyonundan-anlamli-ziyaret","status":"publish","type":"post","link":"https:\/\/polisemeklileri.com\/tr\/genel\/insan-haklari-komisyonundan-anlamli-ziyaret\/","title":{"rendered":"\u0130nsan Haklar\u0131 Komisyonundan Anlaml\u0131 Ziyaret"},"content":{"rendered":"<p><strong>Saray \u0130l\u00e7e \u0130nsan Haklar\u0131 Komisyonu \u00dcyeleri Saray Gen\u00e7lik ve Spor \u0130l\u00e7e M\u00fcd\u00fcrl\u00fc\u011f\u00fcne ziyaret ger\u00e7ekle\u015ftirdi.<\/strong><\/p>\n<p>Saray \u0130l\u00e7e \u0130nsan Haklar\u0131 Komisyonu \u00fcyeleri, Sal\u0131 g\u00fcn\u00fc Saray Gen\u00e7lik ve Spor \u0130l\u00e7e M\u00fcd\u00fcrl\u00fc\u011f\u00fcn\u00fc ziyaret etti. Gen\u00e7lik merkezinde ger\u00e7ekle\u015fen ziyarette, Komisyon \u00fcyelerini Gen\u00e7lik ve Spor \u0130l\u00e7e M\u00fcd\u00fcr\u00fc Damla G\u00fcner kar\u015f\u0131lad\u0131.<\/p>\n<p>G\u00f6r\u00fc\u015fmede, gen\u00e7lerin k\u00fclt\u00fcrel faaliyetleri ile kar\u015f\u0131la\u015ft\u0131klar\u0131 yasal ve sosyal sorunlar \u00fczerine isti\u015farede bulunuldu. Ziyaret s\u0131ras\u0131nda \u0130l\u00e7e \u0130nsan Haklar\u0131 Komisyonu \u00fcyeleri, \u00e7ocuklara \u00e7e\u015fitli hediyeler de takdim ederek onlar\u0131 sevindirdi.<\/p>\n<p><img loading=\"lazy\" decoding=\"async\" class=\"alignnone size-medium wp-image-1628\" src=\"https:\/\/polisemeklileri.com\/tr\/wp-content\/uploads\/2025\/09\/polis_emeklileri_dernegi1-300x170.webp\" alt=\"\" width=\"300\" height=\"170\" srcset=\"https:\/\/polisemeklileri.com\/tr\/wp-content\/uploads\/2025\/09\/polis_emeklileri_dernegi1-300x170.webp 300w, https:\/\/polisemeklileri.com\/tr\/wp-content\/uploads\/2025\/09\/polis_emeklileri_dernegi1.webp 740w\" sizes=\"auto, (max-width: 300px) 100vw, 300px\" \/><\/p>\n<p><img loading=\"lazy\" decoding=\"async\" class=\"alignnone size-medium wp-image-1629\" src=\"https:\/\/polisemeklileri.com\/tr\/wp-content\/uploads\/2025\/09\/polis_emeklileri_dernegi2-300x198.webp\" alt=\"\" width=\"300\" height=\"198\" srcset=\"https:\/\/polisemeklileri.com\/tr\/wp-content\/uploads\/2025\/09\/polis_emeklileri_dernegi2-300x198.webp 300w, https:\/\/polisemeklileri.com\/tr\/wp-content\/uploads\/2025\/09\/polis_emeklileri_dernegi2-768x507.webp 768w, https:\/\/polisemeklileri.com\/tr\/wp-content\/uploads\/2025\/09\/polis_emeklileri_dernegi2-310x205.webp 310w, https:\/\/polisemeklileri.com\/tr\/wp-content\/uploads\/2025\/09\/polis_emeklileri_dernegi2.webp 900w\" sizes=\"auto, (max-width: 300px) 100vw, 300px\" \/><\/p>\n<p>KAYNAK : SARAY HABER<\/p>\n","protected":false},"excerpt":{"rendered":"<p>Saray \u0130l\u00e7e \u0130nsan Haklar\u0131 Komisyonu \u00dcyeleri Saray Gen\u00e7lik ve Spor \u0130l\u00e7e M\u00fcd\u00fcrl\u00fc\u011f\u00fcne ziyaret ger\u00e7ekle\u015ftirdi. Saray \u0130l\u00e7e \u0130nsan Haklar\u0131 Komisyonu \u00fcyeleri, Sal\u0131 g\u00fcn\u00fc Saray Gen\u00e7lik ve Spor \u0130l\u00e7e M\u00fcd\u00fcrl\u00fc\u011f\u00fcn\u00fc ziyaret etti. Gen\u00e7lik merkezinde ger\u00e7ekle\u015fen ziyarette, Komisyon \u00fcyelerini Gen\u00e7lik ve Spor \u0130l\u00e7e M\u00fcd\u00fcr\u00fc Damla G\u00fcner kar\u015f\u0131lad\u0131. G\u00f6r\u00fc\u015fmede, gen\u00e7lerin k\u00fclt\u00fcrel faaliyetleri ile kar\u015f\u0131la\u015ft\u0131klar\u0131 yasal ve sosyal sorunlar \u00fczerine &hellip;<\/p>\n","protected":false},"author":5,"featured_media":0,"comment_status":"open","ping_status":"open","sticky":false,"template":"","format":"standard","meta":{"footnotes":""},"categories":[1],"tags":[],"class_list":["post-1627","post","type-post","status-publish","format-standard","","category-genel"],"_links":{"self":[{"href":"https:\/\/polisemeklileri.com\/tr\/wp-json\/wp\/v2\/posts\/1627","targetHints":{"allow":["GET"]}}],"collection":[{"href":"https:\/\/polisemeklileri.com\/tr\/wp-json\/wp\/v2\/posts"}],"about":[{"href":"https:\/\/polisemeklileri.com\/tr\/wp-json\/wp\/v2\/types\/post"}],"author":[{"embeddable":true,"href":"https:\/\/polisemeklileri.com\/tr\/wp-json\/wp\/v2\/users\/5"}],"replies":[{"embeddable":true,"href":"https:\/\/polisemeklileri.com\/tr\/wp-json\/wp\/v2\/comments?post=1627"}],"version-history":[{"count":2,"href":"https:\/\/polisemeklileri.com\/tr\/wp-json\/wp\/v2\/posts\/1627\/revisions"}],"predecessor-version":[{"id":1633,"href":"https:\/\/polisemeklileri.com\/tr\/wp-json\/wp\/v2\/posts\/1627\/revisions\/1633"}],"wp:attachment":[{"href":"https:\/\/polisemeklileri.com\/tr\/wp-json\/wp\/v2\/media?parent=1627"}],"wp:term":[{"taxonomy":"category","embeddable":true,"href":"https:\/\/polisemeklileri.com\/tr\/wp-json\/wp\/v2\/categories?post=1627"},{"taxonomy":"post_tag","embeddable":true,"href":"https:\/\/polisemeklileri.com\/tr\/wp-json\/wp\/v2\/tags?post=1627"}],"curies":[{"name":"wp","href":"https:\/\/api.w.org\/{rel}","templated":true}]}}