{"id":1631,"date":"2025-08-16T20:44:04","date_gmt":"2025-08-16T17:44:04","guid":{"rendered":"https:\/\/polisemeklileri.com\/tr\/?p=1631"},"modified":"2025-09-08T20:46:09","modified_gmt":"2025-09-08T17:46:09","slug":"emniyet-muduru-selami-yildizi-yurekten-kutluyorum","status":"publish","type":"post","link":"https:\/\/polisemeklileri.com\/tr\/genel\/emniyet-muduru-selami-yildizi-yurekten-kutluyorum\/","title":{"rendered":"Emniyet M\u00fcd\u00fcr\u00fc Selami Y\u0131ld\u0131z&#8217;\u0131 Y\u00fcrekten Kutluyorum..!"},"content":{"rendered":"<p>Toplum d\u00fczeni denilince, onu sa\u011flamak i\u00e7in gece g\u00fcnd\u00fcz \u00e7al\u0131\u015fanlar da var. \u0130stanbul \u0130l Emniyet M\u00fcd\u00fcr\u00fc Selami Y\u0131ld\u0131z ve ekibi mesela\u2026<\/p>\n<p>Megakent \u0130stanbul&#8217;da bu\u00a0y\u0131l\u0131n ilk yedi ay\u0131na ili\u015fkin g\u00fcncel emniyet verileri payla\u015f\u0131ld\u0131.<\/p>\n<p>2025&#8217;in 7 ay\u0131nda ge\u00e7en y\u0131l\u0131n ayn\u0131 d\u00f6nemine g\u00f6re ki\u015filere kar\u015f\u0131 i\u015flenen en \u00f6nemli 8 su\u00e7ta olay say\u0131s\u0131n\u0131n y\u00fczde 9 azald\u0131.\u00a0Ayd\u0131nlatma oran\u0131\u00a0ise y\u00fczde 99,4&#8217;e y\u00fckseldi.<\/p>\n<p>2025 y\u0131l\u0131n\u0131n ilk yedi ay\u0131nda ele ge\u00e7irilen ruhsats\u0131z silah say\u0131s\u0131, ge\u00e7en senenin ayn\u0131 d\u00f6nemine g\u00f6re y\u00fczde 30, tutuklanan ki\u015fi say\u0131s\u0131 y\u00fczde 120 artt\u0131.<\/p>\n<p>166 operasyonda 110 organize su\u00e7 \u00e7etesi \u00e7\u00f6kertildi. Bin 92 ki\u015fi yakaland\u0131, 793 ki\u015fi tutukland\u0131, 226 ki\u015fiye adli kontrol tedbiri uyguland\u0131. Yakla\u015f\u0131k 42 milyar lira de\u011ferinde mal varl\u0131\u011f\u0131na el konuldu. Kur\u015funlanma olaylar\u0131 y\u00fczde 41,3 azald\u0131.<\/p>\n<p>113\u2019\u00fc uzun namlulu, 7 bin 101\u2019i tabanca olmak \u00fczere 10 bin 301 silah ele ge\u00e7irildi, bu silahlarla ilgili bin 544 ki\u015fi tutukland\u0131.<\/p>\n<p>Ge\u00e7en y\u0131l\u0131n ayn\u0131 d\u00f6nemine g\u00f6re ele ge\u00e7irilen sahte ve ka\u00e7ak alkol miktar\u0131 yakla\u015f\u0131k 3 kat\u0131na \u00e7\u0131kt\u0131. Alkoll\u00fc i\u00e7kiden sigaraya, makarondan emtia \u00fcr\u00fcnlerine ele ge\u00e7irilen ka\u00e7ak \u00fcr\u00fcnlerle \u00f6nlenen vergi kayb\u0131 y\u00fczde 90 art\u0131\u015fla 1 milyar 105 milyon lira oldu.<\/p>\n<p>Ele ge\u00e7irilen uyu\u015fturucu hap miktar\u0131 y\u00fczde 74 artt\u0131. Kenevir miktar\u0131 ise 3 bu\u00e7uk kat\u0131na \u00e7\u0131kt\u0131.<\/p>\n<p>Mega kent \u0130stanbul&#8217;un d\u00fcnyan\u0131n en g\u00fcvenli \u015fehirlerinden biri oldu\u011fu, emniyet verilerinin de bunu ortaya koydu\u011fu g\u00f6r\u00fcld\u00fc.<\/p>\n<p>Asayi\u015f kadar \u00f6nemli bir di\u011fer konu da trafik. .Ben de gazeteci kimli\u011fimle polis ekiplerinin trafik denetimlerini yak\u0131ndan takip ediyorum.<\/p>\n<p>\u0130stanbul, T\u00fcrkiye\u2019nin en kalabal\u0131k \u015fehri. Dolay\u0131s\u0131yla en \u00e7ok arac\u0131n bulundu\u011fu \u015fehir. B\u00f6ylesi b\u00fcy\u00fck bir hareketlili\u011fe sahip \u015fehrin \u00a0her noktas\u0131nda trafik denetimleri ve \u00f6nlemleri\u00a0art\u0131rarak devam ettiriliyor.\u00a0Denetimlerin amac\u0131\u00a0trafik kazalar\u0131n\u0131 \u00f6nlemek, g\u00fcvenli bir ula\u015f\u0131m sa\u011flamak, halk\u0131n can ve mal g\u00fcvenli\u011fini korumak. Al\u0131na trafik\u00a0tedbirleri sayesinde \u00f6l\u00fcml\u00fc kaza ve can kayb\u0131 say\u0131lar\u0131\u00a0d\u00fc\u015fmeye devam ediyor.<\/p>\n<p>Trafik Tescil ve Denetleme \u015eube M\u00fcd\u00fcr\u00fc Tunay Ba\u015far\u0131k ve ekibini de bu y\u00fczden y\u00fcrekten tebrik etmek isterim.<\/p>\n<p>\u0130stanbul&#8217;da uygulama noktalar\u0131nda durdurulan her ara\u00e7 s\u00fcr\u00fcc\u00fclerine sayg\u0131 dolu bir tav\u0131r sergiliyorlar. Hatal\u0131 s\u00fcr\u00fcc\u00fcler bile bu \u00fcslup nedeniyle tek kelime etmiyor. \u00c7\u00fcnk\u00fc ceza bile do\u011fru \u00fcslupla verildi\u011finde sayg\u0131 do\u011furuyor.<\/p>\n<p>\u00dclkemizin kalbi olan \u0130stanbul\u2019un huzuru, T\u00fcrkiye\u2019mizin huzurudur anlay\u0131\u015f\u0131yla Emniyet, Jandarma ve \u00a0Sahil G\u00fcvenlik te\u015fkilatlar\u0131n\u0131n g\u00f6revli mensuplar\u0131\u00a0y\u0131l\u0131n 365 g\u00fcn\u00fc sahada, g\u00f6revlerinin ba\u015f\u0131ndalar.\u00a0\u0130stanbul halk\u0131n\u0131n hak ve hukukunu korumak, can ve mal g\u00fcvenli\u011fini sa\u011flamak i\u00e7in her alanda m\u00fccadelerine kesintisiz devam ediyorlar.<\/p>\n<p>Bu, sosyal medya g\u00f6sterisi de\u011fil, ger\u00e7ek m\u00fccadele, ger\u00e7ek bir ekip i\u015fi.. Toplum huzuru i\u00e7in gece g\u00fcnd\u00fcz demeden \u00e7al\u0131\u015fan \u0130stanbul \u0130l Emniyet M\u00fcd\u00fcr\u00fc Selami Y\u0131ld\u0131z ve ekibini y\u00fcrekten kutluyorum. G\u00f6revlerinde kolayl\u0131klar ve ba\u015far\u0131lar diliyorum.<\/p>\n<p>KAYNAK: THA<\/p>\n<p>Halis KAHRAMAN<\/p>\n","protected":false},"excerpt":{"rendered":"<p>Toplum d\u00fczeni denilince, onu sa\u011flamak i\u00e7in gece g\u00fcnd\u00fcz \u00e7al\u0131\u015fanlar da var. \u0130stanbul \u0130l Emniyet M\u00fcd\u00fcr\u00fc Selami Y\u0131ld\u0131z ve ekibi mesela\u2026 Megakent \u0130stanbul&#8217;da bu\u00a0y\u0131l\u0131n ilk yedi ay\u0131na ili\u015fkin g\u00fcncel emniyet verileri payla\u015f\u0131ld\u0131. 2025&#8217;in 7 ay\u0131nda ge\u00e7en y\u0131l\u0131n ayn\u0131 d\u00f6nemine g\u00f6re ki\u015filere kar\u015f\u0131 i\u015flenen en \u00f6nemli 8 su\u00e7ta olay say\u0131s\u0131n\u0131n y\u00fczde 9 azald\u0131.\u00a0Ayd\u0131nlatma oran\u0131\u00a0ise y\u00fczde 99,4&#8217;e y\u00fckseldi. &hellip;<\/p>\n","protected":false},"author":5,"featured_media":0,"comment_status":"open","ping_status":"open","sticky":false,"template":"","format":"standard","meta":{"footnotes":""},"categories":[1],"tags":[],"class_list":["post-1631","post","type-post","status-publish","format-standard","","category-genel"],"_links":{"self":[{"href":"https:\/\/polisemeklileri.com\/tr\/wp-json\/wp\/v2\/posts\/1631","targetHints":{"allow":["GET"]}}],"collection":[{"href":"https:\/\/polisemeklileri.com\/tr\/wp-json\/wp\/v2\/posts"}],"about":[{"href":"https:\/\/polisemeklileri.com\/tr\/wp-json\/wp\/v2\/types\/post"}],"author":[{"embeddable":true,"href":"https:\/\/polisemeklileri.com\/tr\/wp-json\/wp\/v2\/users\/5"}],"replies":[{"embeddable":true,"href":"https:\/\/polisemeklileri.com\/tr\/wp-json\/wp\/v2\/comments?post=1631"}],"version-history":[{"count":1,"href":"https:\/\/polisemeklileri.com\/tr\/wp-json\/wp\/v2\/posts\/1631\/revisions"}],"predecessor-version":[{"id":1632,"href":"https:\/\/polisemeklileri.com\/tr\/wp-json\/wp\/v2\/posts\/1631\/revisions\/1632"}],"wp:attachment":[{"href":"https:\/\/polisemeklileri.com\/tr\/wp-json\/wp\/v2\/media?parent=1631"}],"wp:term":[{"taxonomy":"category","embeddable":true,"href":"https:\/\/polisemeklileri.com\/tr\/wp-json\/wp\/v2\/categories?post=1631"},{"taxonomy":"post_tag","embeddable":true,"href":"https:\/\/polisemeklileri.com\/tr\/wp-json\/wp\/v2\/tags?post=1631"}],"curies":[{"name":"wp","href":"https:\/\/api.w.org\/{rel}","templated":true}]}}