{"id":1634,"date":"2025-08-22T20:49:14","date_gmt":"2025-08-22T17:49:14","guid":{"rendered":"https:\/\/polisemeklileri.com\/tr\/?p=1634"},"modified":"2025-09-08T20:53:12","modified_gmt":"2025-09-08T17:53:12","slug":"trafik-mufettisi-olumlu-kazaya-karisan-otobus-firmalari-teshir-edilmelidir","status":"publish","type":"post","link":"https:\/\/polisemeklileri.com\/tr\/genel\/trafik-mufettisi-olumlu-kazaya-karisan-otobus-firmalari-teshir-edilmelidir\/","title":{"rendered":"Trafik M\u00fcfetti\u015fi : &#8220;\u00d6l\u00fcml\u00fc Kazaya Kar\u0131\u015fan Otob\u00fcs Firmalar\u0131 Te\u015fhir Edilmelidir..! &#8220;"},"content":{"rendered":"<h4 class=\"text-2222 mb-0 my-2 py-2 font-weight-normal\">Fahri Trafik M\u00fcfetti\u015fleri Derne\u011fi Y\u00f6netim Kurulu \u00dcyesi ve Bas\u0131n S\u00f6zc\u00fcs\u00fc Halis Kahraman, \u00f6l\u00fcml\u00fc kazaya kar\u0131\u015fan \u015fehirleraras\u0131 yolcu ta\u015f\u0131mac\u0131l\u0131\u011f\u0131 yapan otob\u00fcs firmalar\u0131n\u0131n her ay d\u00fczenli olarak te\u015fhir edilmesini istediklerini bildirdi.<\/h4>\n<p><img loading=\"lazy\" decoding=\"async\" class=\"alignnone size-medium wp-image-1635\" src=\"https:\/\/polisemeklileri.com\/tr\/wp-content\/uploads\/2025\/09\/polis_emeklileri_dernegi3-300x178.webp\" alt=\"\" width=\"300\" height=\"178\" srcset=\"https:\/\/polisemeklileri.com\/tr\/wp-content\/uploads\/2025\/09\/polis_emeklileri_dernegi3-300x178.webp 300w, https:\/\/polisemeklileri.com\/tr\/wp-content\/uploads\/2025\/09\/polis_emeklileri_dernegi3.webp 641w\" sizes=\"auto, (max-width: 300px) 100vw, 300px\" \/><\/p>\n<h4>Fahri Trafik M\u00fcfetti\u015fleri Derne\u011fi Y\u00f6netim Kurulu \u00dcyesi ve Bas\u0131n S\u00f6zc\u00fcs\u00fc Halis Kahraman, \u00f6l\u00fcml\u00fc kazaya kar\u0131\u015fan \u015fehirleraras\u0131 yolcu ta\u015f\u0131mac\u0131l\u0131\u011f\u0131 yapan otob\u00fcs firmalar\u0131n\u0131n her ay d\u00fczenli olarak te\u015fhir edilmesini istediklerini bildirdi.<\/h4>\n<h4>S\u00f6zc\u00fc Halis Kahraman, \u201cB\u00f6ylelikle yolcular, kazaya kar\u0131\u015fan otob\u00fcs firmalar\u0131n\u0131 \u00f6\u011frenecek ve bunlar\u0131 tercih etmeyeceklerdir..\u201d dedi.<\/h4>\n<p><img loading=\"lazy\" decoding=\"async\" class=\"alignnone size-full wp-image-1636\" src=\"https:\/\/polisemeklileri.com\/tr\/wp-content\/uploads\/2025\/09\/polis_emeklileri_dernegi4.jpg\" alt=\"\" width=\"300\" height=\"168\" \/><\/p>\n<p>Dernek Bas\u0131n S\u00f6zc\u00fcs\u00fc Halis Kahraman, \u00f6l\u00fcml\u00fc kazaya kar\u0131\u015fan\u00a0\u015fehirleraras\u0131 yolcu ta\u015f\u0131mac\u0131l\u0131\u011f\u0131 yapan otob\u00fcs\u00a0firmalar\u0131n\u0131n 2017\u2019den itibaren ayl\u0131k olarak kamuoyuna a\u00e7\u0131kland\u0131\u011f\u0131n\u0131 ancak uzun bir s\u00fcredir bundan vazge\u00e7ildi\u011fini belirterek,\u00a0<strong>\u201cBu uygulaman\u0131n yeniden ba\u015flat\u0131lmas\u0131 halinde, \u015fehirleraras\u0131 otob\u00fcs yolculu\u011fu yapacak yolcular, kazaya \u00e7ok kar\u0131\u015fan otob\u00fcs firmalar\u0131n\u0131 \u00f6\u011frenecek ve seyahatlerinde bunlar\u0131 tercih etmeyeceklerdir. Bu firmalar da trafik bilincine sahip, bilgili, tecr\u00fcbeli ve liyakatl\u0131 kaptan \u015fof\u00f6r \u00e7al\u0131\u015ft\u0131rmak zorunda kalacaklard\u0131r. B\u00f6ylece, \u00f6l\u00fcml\u00fc\/yaralanmal\u0131 trafik kazalar\u0131nda bir nebze olsun azalma sa\u011flanacakt\u0131r. Bu \u00f6nerilerimizin de\u011ferlendirilerek gere\u011finin yap\u0131lmas\u0131n\u0131 talep ediyoruz\u201d\u00a0<\/strong>diye konu\u015ftu.<\/p>\n<p><img loading=\"lazy\" decoding=\"async\" class=\"alignnone size-medium wp-image-1637\" src=\"https:\/\/polisemeklileri.com\/tr\/wp-content\/uploads\/2025\/09\/polis_emeklileri_dernegi5-300x114.jpg\" alt=\"\" width=\"300\" height=\"114\" srcset=\"https:\/\/polisemeklileri.com\/tr\/wp-content\/uploads\/2025\/09\/polis_emeklileri_dernegi5-300x114.jpg 300w, https:\/\/polisemeklileri.com\/tr\/wp-content\/uploads\/2025\/09\/polis_emeklileri_dernegi5-768x293.jpg 768w, https:\/\/polisemeklileri.com\/tr\/wp-content\/uploads\/2025\/09\/polis_emeklileri_dernegi5.jpg 960w\" sizes=\"auto, (max-width: 300px) 100vw, 300px\" \/><\/p>\n<p><strong>TE\u015eH\u0130R \u0130\u00c7\u0130N EMN\u0130YET GENEL M\u00dcD\u00dcRL\u00dc\u011e\u00dcNE BA\u015eVURU YAPTI\u00a0<\/strong><\/p>\n<p>&nbsp;<\/p>\n<p>Merkezi \u0130stanbul&#8217;da bulunan ve 1998 y\u0131l\u0131ndan bu yana 27\u00a0y\u0131ld\u0131r faaliyet g\u00f6stermekte olan Derne\u011fin\u00a0Y\u00f6netim Kurulu \u00dcyesi ve Bas\u0131n S\u00f6zc\u00fcs\u00fc olarak \u00a0uygulaman\u0131n yeniden ba\u015flamas\u0131 i\u00e7in C\u0130MER\u00a0arac\u0131l\u0131\u011f\u0131yla Emniyet Genel M\u00fcd\u00fcrl\u00fc\u011f\u00fc&#8217;ne\u00a0ba\u015fvurdu\u011funu anlatan Kahraman, gelen yan\u0131t\u0131 \u015f\u00f6yle \u00f6zetledi:<strong>\u00a0\u201cEmniyet Genel M\u00fcd\u00fcrl\u00fc\u011f\u00fc Trafik Dairesinden Karayollar\u0131 Trafik Kanunu Ek Madde 4\u2019te \u2018karayollar\u0131nda yolcu ta\u015f\u0131mac\u0131l\u0131\u011f\u0131 yapan otob\u00fcs\u00a0benzeri ta\u015f\u0131tlar\u0131n kar\u0131\u015fm\u0131\u015f oldu\u011fu \u00f6l\u00fcml\u00fc trafik\u00a0 kazas\u0131 sonu\u00e7lar\u0131n\u0131n; kusurlu ara\u00e7 veya ara\u00e7lar\u0131 kullanan s\u00fcr\u00fcc\u00fc ve araca ait plaka numaralar\u0131 ile birlikte otob\u00fcs i\u015fleticisi te\u015febb\u00fcs\u00fcn unvan\u0131n\u0131n, televizyon ve bas\u0131n organlar\u0131 arac\u0131l\u0131\u011f\u0131 ile kamuoyuna g\u00f6r\u00fcnt\u00fcl\u00fc ve yaz\u0131l\u0131 olarak, kusur oranlar\u0131ndan s\u00f6z edilmeksizin ilan\u0131, s\u0131rr\u0131n if\u015fa\u0131 ve ticari itibar\u0131n ihlali say\u0131lmaz\u2019 \u015feklinde ifade edilmi\u015ftir.<\/strong><\/p>\n<p>&nbsp;<\/p>\n<p><strong>Ayr\u0131ca, Cumhurba\u015fkanl\u0131\u011f\u0131 Genelgesi olarak yay\u0131nlanan 2021-2030 Karayolu Trafik G\u00fcvenli\u011fi Strateji Belgesi ile 2021-2023 Karayolu Trafik G\u00fcvenli\u011fi Eylem Plan\u0131\u2019nda yer alan \u2018otob\u00fcs ve benzeri ta\u015f\u0131tlar\u0131n kar\u0131\u015fm\u0131\u015f oldu\u011fu \u00f6l\u00fcml\u00fc trafik kazas\u0131 sonu\u00e7lar\u0131n\u0131n, televizyon ve bas\u0131n organlar\u0131 arac\u0131l\u0131\u011f\u0131 ile kamuoyuna g\u00f6r\u00fcnt\u00fcl\u00fc ve yaz\u0131l\u0131 olarak, kusur oranlar\u0131ndan s\u00f6z edilmeksizin 6 ayda bir ilan edilmesi \u00f6ng\u00f6r\u00fclm\u00fc\u015ft\u00fcr\u2019 denildi.<\/strong><\/p>\n<p>&nbsp;<\/p>\n<p><strong>Bu bilgilerin kamuoyuyla payla\u015f\u0131lmas\u0131na y\u00f6nelik \u00e7al\u0131\u015fmalar\u0131n devam etti\u011fi belirtildi. Ancak aradan aylarca uzun bir s\u00fcre ge\u00e7ti,\u00a0\u00e7ok say\u0131da \u00f6l\u00fcml\u00fc ve yaralanmal\u0131 yolcu otob\u00fcs\u00fc kazas\u0131 ya\u015fand\u0131. T\u00fcrkiye genelinde say\u0131lar\u0131 30\u00a0bini a\u015fan biz fahri m\u00fcfetti\u015fler, trafik g\u00fcvenli\u011finin sa\u011flanmas\u0131 i\u00e7in hi\u00e7bir kar\u015f\u0131l\u0131k beklemeden trafik denetimi yap\u0131yoruz.. Emniyet Genel M\u00fcd\u00fcrl\u00fc\u011f\u00fc&#8217;nden eskiden oldu\u011fu gibi\u00a0kamuoyu ad\u0131na kazaya kar\u0131\u015fan otob\u00fcs ve benzeri firmalar\u0131n her ay d\u00fczenli olarak te\u015fhir edilmesini istiyoruz.\u201d<\/strong><\/p>\n<p>KAYNAK: THA<\/p>\n","protected":false},"excerpt":{"rendered":"<p>Fahri Trafik M\u00fcfetti\u015fleri Derne\u011fi Y\u00f6netim Kurulu \u00dcyesi ve Bas\u0131n S\u00f6zc\u00fcs\u00fc Halis Kahraman, \u00f6l\u00fcml\u00fc kazaya kar\u0131\u015fan \u015fehirleraras\u0131 yolcu ta\u015f\u0131mac\u0131l\u0131\u011f\u0131 yapan otob\u00fcs firmalar\u0131n\u0131n her ay d\u00fczenli olarak te\u015fhir edilmesini istediklerini bildirdi. Fahri Trafik M\u00fcfetti\u015fleri Derne\u011fi Y\u00f6netim Kurulu \u00dcyesi ve Bas\u0131n S\u00f6zc\u00fcs\u00fc Halis Kahraman, \u00f6l\u00fcml\u00fc kazaya kar\u0131\u015fan \u015fehirleraras\u0131 yolcu ta\u015f\u0131mac\u0131l\u0131\u011f\u0131 yapan otob\u00fcs firmalar\u0131n\u0131n her ay d\u00fczenli olarak te\u015fhir &hellip;<\/p>\n","protected":false},"author":5,"featured_media":0,"comment_status":"open","ping_status":"open","sticky":false,"template":"","format":"standard","meta":{"footnotes":""},"categories":[1],"tags":[],"class_list":["post-1634","post","type-post","status-publish","format-standard","","category-genel"],"_links":{"self":[{"href":"https:\/\/polisemeklileri.com\/tr\/wp-json\/wp\/v2\/posts\/1634","targetHints":{"allow":["GET"]}}],"collection":[{"href":"https:\/\/polisemeklileri.com\/tr\/wp-json\/wp\/v2\/posts"}],"about":[{"href":"https:\/\/polisemeklileri.com\/tr\/wp-json\/wp\/v2\/types\/post"}],"author":[{"embeddable":true,"href":"https:\/\/polisemeklileri.com\/tr\/wp-json\/wp\/v2\/users\/5"}],"replies":[{"embeddable":true,"href":"https:\/\/polisemeklileri.com\/tr\/wp-json\/wp\/v2\/comments?post=1634"}],"version-history":[{"count":1,"href":"https:\/\/polisemeklileri.com\/tr\/wp-json\/wp\/v2\/posts\/1634\/revisions"}],"predecessor-version":[{"id":1638,"href":"https:\/\/polisemeklileri.com\/tr\/wp-json\/wp\/v2\/posts\/1634\/revisions\/1638"}],"wp:attachment":[{"href":"https:\/\/polisemeklileri.com\/tr\/wp-json\/wp\/v2\/media?parent=1634"}],"wp:term":[{"taxonomy":"category","embeddable":true,"href":"https:\/\/polisemeklileri.com\/tr\/wp-json\/wp\/v2\/categories?post=1634"},{"taxonomy":"post_tag","embeddable":true,"href":"https:\/\/polisemeklileri.com\/tr\/wp-json\/wp\/v2\/tags?post=1634"}],"curies":[{"name":"wp","href":"https:\/\/api.w.org\/{rel}","templated":true}]}}