{"id":189,"date":"2012-10-19T18:51:26","date_gmt":"2012-10-19T15:51:26","guid":{"rendered":"http:\/\/www.polisemeklileriyardimlasmadernegi.com\/?p=189"},"modified":"2012-10-19T18:51:26","modified_gmt":"2012-10-19T15:51:26","slug":"emekli-polise-iett-darbesi","status":"publish","type":"post","link":"https:\/\/polisemeklileri.com\/tr\/yazarlar\/emekli-polise-iett-darbesi\/","title":{"rendered":"EMEKL\u0130 POL\u0130S\u2019E \u0130ETT DARBES\u0130"},"content":{"rendered":"<p>G\u00f6revleri s\u00fcresince vatanda\u015flar\u0131n, HUZUR ve G\u00dcVENL\u0130\u011e\u0130N\u0130 \u00a0korumak i\u00e7in hayatlar\u0131n\u0131 hi\u00e7e sayan \u00a0emekli emniyet mensuplar, art\u0131k toplu ta\u015f\u0131ma ara\u00e7lar\u0131na \u00fccret \u00f6demek zorundalar.<\/p>\n<p>&nbsp;<\/p>\n<p>\u0130ETT art\u0131k \u2018EMEKL\u0130 EMN\u0130YET MENSUP\u2019lar\u0131na \u00fccretsiz seyahat kart\u0131 vermiyor. Belediyeler g\u00f6zlerini emekli polislerin cebine dikti.<\/p>\n<p>Belediyenin toplu ta\u015f\u0131ma ara\u00e7lar\u0131na \u00fccret \u00f6demek zorunda olan emekli emniyet mensuplar\u0131 durumdan olduk\u00e7a rahats\u0131z.<\/p>\n<p>Manevi ve psikolojik pek \u00e7ok problemlerle m\u00fccadele etmek zorunda kalan Te\u015fkilat Mensuplar\u0131, emekliliklerinde rahat bir nefes alabiliyorlar m\u0131? K\u0131saca polisleri emekliliklerinde ne gibi sorunlar bekliyor?<\/p>\n<p>Emekli Te\u015fkilat Mensuplar\u0131nda, \u00f6ncelikle maddi problemler boy g\u00f6steriyor. Bunun sebebi \u00e7al\u0131\u015fan polisle, emekli olan polislerin aralar\u0131nda bulunan maa\u015f y\u00f6n\u00fcnde ki b\u00fcy\u00fck farklard\u0131r. \u00a0Her devlet memurunun maa\u015f\u0131 emekli olduklar\u0131nda belli bir oranda d\u00fc\u015ferken, polisler i\u00e7in bu d\u00fc\u015f\u00fc\u015f \u00e7ok daha keskin oluyor. \u00c7\u00fcnk\u00fc \u00e7al\u0131\u015fan polislerin almakta olduklar\u0131 maa\u015flar\u0131n\u0131n bir k\u0131sm\u0131\u00a0<strong>emniyet hizmetleri tazminat\u0131\u2019<\/strong>ndan kar\u015f\u0131lan\u0131yor. Lakin bu tazminatta emekli olduklar\u0131nda tamamen kesiliyor.<\/p>\n<p>Durumda b\u00f6yle olunca hizmet s\u00fcresini tamamlayan bir polis memuru emeklili\u011fine normalde ald\u0131\u011f\u0131 ayl\u0131k maa\u015f\u0131n\u0131n \u00e7ok alt\u0131nda ilk ad\u0131m\u0131n\u0131 at\u0131yor. \u2018Ben emekli olmak istemiyorum\u2019 deme l\u00fcks\u00fcne de sahip olamayan polis mensuplar\u0131 5434 ve 5510 say\u0131l\u0131 Kanunlar gere\u011fi 55 ya\u015f\u0131nda zorunlu emekli ediliyor. Buda ayl\u0131k gelirlerinin b\u00fcy\u00fck bir oranda eksilmesine sebep oluyor. Bunun \u00fczerine birde \u0130ETT\u2019nin yapt\u0131\u011f\u0131 b\u00f6yle bir uygulama kar\u015f\u0131s\u0131nda, emekliler durumu h\u00fcsran ile kar\u015f\u0131lad\u0131. Belediye ekonomisini Emeklilerin geliriyle mi d\u00fczeltecek \u00e7ok merak ediyorum<\/p>\n<p>Polis derneklerinden y\u00fcr\u00fct\u00fclen tahminlere g\u00f6re de, T\u00fcrkiye de onbinlerce emekli polis memuru oldu\u011fu d\u00fc\u015f\u00fcn\u00fcl\u00fcyor. B\u00f6ylesi b\u00fcy\u00fck bir toplumu k\u00fcst\u00fcrmenin de \u00fcz\u00fcc\u00fc olaca\u011f\u0131 vurgulan\u0131yor.,<\/p>\n<p>Ayr\u0131ca, polislere \u00fccretsiz kartlar\u0131n da\u011f\u0131t\u0131lmas\u0131n\u0131 do\u011fru bulmuyorum, nedeni ise; bir polis belediye otob\u00fcs\u00fcne binerken, POL\u0130S K\u0130ML\u0130\u011e\u0130N\u0130 ibraz ediyordu, dolay\u0131s\u0131yla, o arac\u0131n \u015fof\u00f6r\u00fc i\u00e7eride Polis var diye kendini g\u00fcvende hissediyordu, \u00a0belediye otob\u00fcs \u015fof\u00f6rlerine bu konuyla ilgili \u201c ne d\u00fc\u015f\u00fcn\u00fcyorsunuz \u201c diye \u00a0sordu\u011fumuzda, onlarda kendi aralar\u0131nda s\u00f6zle\u015fmi\u015fler gibi \u201c Bizlerde bu konuda \u00e7ok muzdaripiz \u201c diyorlar.<\/p>\n<p>Y\u0131llar \u00f6nce de Belediyeler, sadece emekilerden de\u011fil, t\u00fcm Emniyet mensuplar\u0131ndan \u00fccretli seyahat etmelerini istemi\u015f ve uygulam\u0131\u015ft\u0131, Polisler pa\u015fa pa\u015fa paralar\u0131n\u0131 verip toplu ta\u015f\u0131ma ara\u00e7lar\u0131na biniyolard\u0131 ammmaaaaa, her ad\u0131mda Trafik Polisleri Belediye Otob\u00fcslerini \u00e7evirip, o zamanki Devletin Polise vermi\u015f oldu\u011fu t\u00fcm yetkiyi kullanarak gerekli i\u015flemi yap\u0131yorlard\u0131. Daha net konu\u015fmak gerekirse, Polis \u201c elmi yaman, benmi yaman \u201c felsefesiyle hareket edince, Belediye geri ad\u0131m atmak zorunda kald\u0131 ve o tarihten 01.08.2012 tarihine kadar Emniyet Mensuplar\u0131 \u00fccretsiz seyahat ediyorlard\u0131. \u015eimdilerde ise Polisin yetkisi malum, eskisi gibi davranma \u015fans\u0131 olmad\u0131\u011f\u0131ndan \u201c bana dokunmayan y\u0131lan bin ya\u015fas\u0131n \u201c\u00a0 felesefesiyehareket ediyor, gerisi Belediye yetkililerin insaf\u0131na kalm\u0131\u015ft\u0131r. Sayg\u0131lar\u0131mla\u2026\u2026..<\/p>\n<p>&nbsp;<\/p>\n<p>&nbsp;<\/p>\n","protected":false},"excerpt":{"rendered":"<p>G\u00f6revleri s\u00fcresince vatanda\u015flar\u0131n, HUZUR ve G\u00dcVENL\u0130\u011e\u0130N\u0130  korumak i\u00e7in hayatlar\u0131n\u0131 hi\u00e7e sayan  emekli emniyet mensuplar, art\u0131k toplu ta\u015f\u0131ma ara\u00e7lar\u0131na \u00fccret \u00f6demek zorundalar.<\/p>\n","protected":false},"author":1,"featured_media":0,"comment_status":"closed","ping_status":"open","sticky":false,"template":"","format":"standard","meta":{"footnotes":""},"categories":[14],"tags":[24,32],"class_list":["post-189","post","type-post","status-publish","format-standard","","category-yazarlar","tag-emekli-polis","tag-iett-darbesi"],"_links":{"self":[{"href":"https:\/\/polisemeklileri.com\/tr\/wp-json\/wp\/v2\/posts\/189","targetHints":{"allow":["GET"]}}],"collection":[{"href":"https:\/\/polisemeklileri.com\/tr\/wp-json\/wp\/v2\/posts"}],"about":[{"href":"https:\/\/polisemeklileri.com\/tr\/wp-json\/wp\/v2\/types\/post"}],"author":[{"embeddable":true,"href":"https:\/\/polisemeklileri.com\/tr\/wp-json\/wp\/v2\/users\/1"}],"replies":[{"embeddable":true,"href":"https:\/\/polisemeklileri.com\/tr\/wp-json\/wp\/v2\/comments?post=189"}],"version-history":[{"count":0,"href":"https:\/\/polisemeklileri.com\/tr\/wp-json\/wp\/v2\/posts\/189\/revisions"}],"wp:attachment":[{"href":"https:\/\/polisemeklileri.com\/tr\/wp-json\/wp\/v2\/media?parent=189"}],"wp:term":[{"taxonomy":"category","embeddable":true,"href":"https:\/\/polisemeklileri.com\/tr\/wp-json\/wp\/v2\/categories?post=189"},{"taxonomy":"post_tag","embeddable":true,"href":"https:\/\/polisemeklileri.com\/tr\/wp-json\/wp\/v2\/tags?post=189"}],"curies":[{"name":"wp","href":"https:\/\/api.w.org\/{rel}","templated":true}]}}