{"id":194,"date":"2012-10-19T19:06:16","date_gmt":"2012-10-19T16:06:16","guid":{"rendered":"http:\/\/www.polisemeklileriyardimlasmadernegi.com\/?p=194"},"modified":"2012-10-19T19:06:16","modified_gmt":"2012-10-19T16:06:16","slug":"karadenizde-bir-hafta-tatili","status":"publish","type":"post","link":"https:\/\/polisemeklileri.com\/tr\/yazarlar\/karadenizde-bir-hafta-tatili\/","title":{"rendered":"KARADEN\u0130Z\u2019DE B\u0130R HAFTA TAT\u0130L\u0130"},"content":{"rendered":"<p>Sevgili okuyucular\u0131m\u0131z;<\/p>\n<p>Bu yaz\u0131mda, sadece Ramazan Bayram\u0131nda bir haftal\u0131\u011f\u0131na \u00e7\u0131kt\u0131\u011f\u0131m Karadeniz seyahatini anlataca\u011f\u0131m.<\/p>\n<p>Temmuz, a\u011fustos, eyl\u00fcl, ekim aylar\u0131,\u00a0 Karadeniz in yaylalar\u0131 daha bir g\u00fczel oluyor. Bir de yaylalarda yap\u0131lan \u015fenlikler buralara daha da g\u00fczellik kat\u0131yor, bu y\u00fczden insan\u0131n geri d\u00f6nmesi gelmiyor i\u00e7inden. O yayla senin, bu yayla benim deyip yaz k\u0131\u015f oralarda kalmak var lakin vakit platformu buna izin vermiyor. Dernek \u00e7al\u0131\u015fmalar\u0131n\u0131 aksatmak gibi bir l\u00fcks\u00fcm\u00fcz yok maalesef.<\/p>\n<p>Yaylada sevgili anneci\u011fimi ziyaret ettim. Seksenli ya\u015flar\u0131nda olmas\u0131na ra\u011fmen, hala ineklerini otlatmaya devam ediyor. Ma\u015fallah diyelim, Allah ac\u0131s\u0131n\u0131 g\u00f6stermesin.<\/p>\n<p>A\u011fustos ay\u0131 sonlar\u0131nda bizim yaylada, yayla \u015fenlikleri ( HONOFTER YAYLA \u015eENL\u0130\u011e\u0130) yap\u0131l\u0131r, yurt d\u0131\u015f\u0131ndan ve T\u00fcrkiye\u2019nin de\u011fi\u015fik illerine g\u00f6\u00e7 eden Trabzonlular bu \u015fenliklere \u00e7ok \u00f6nem verir ve f\u0131rsat\u0131n\u0131 bulan gelir. Binlerce ki\u015fi kat\u0131l\u0131r bu \u015fenliklere, tertip heyeti \u00e7e\u015fitli etkinlikler d\u00fczenler, Karadenizli sanat\u00e7\u0131lar konserler verir, horonlar tepilir\u2026<\/p>\n<p>\u00c7ad\u0131rlar kurulur ve bu \u00e7ad\u0131rlarda pazarc\u0131lar yiyecek ve i\u00e7eceklerini, giyim ku\u015famlar\u0131n\u0131 pazarlarlar. Hem b\u00f6ylece ticari sirk\u00fcl\u00e2syonda sa\u011flanm\u0131\u015f olur. Uzunca bir s\u00fcre g\u00f6r\u00fc\u015femeyen insanlar, bu sayede bulu\u015fup hasret giderirler.<\/p>\n<p>Bu \u015fenliklerden sonra, do\u011fup b\u00fcy\u00fcd\u00fc\u011f\u00fcm, ilkokulu okudu\u011fum k\u00f6y\u00fcme gittim. (\u00c7AL K\u00d6Y) Ya\u015fl\u0131lar\u0131 ve hastalar\u0131 ziyaret ettim. Birde bizim k\u00f6yde bir ma\u011fara vard\u0131r, \u00c7AL MA\u011eARASI\u2026 Bu ma\u011fara \u00e7ok uzun bir<\/p>\n<p>Olup, sark\u0131t ve dikitleri vard\u0131r. Valilik \u00d6zel \u0130dare 800 metre i\u00e7eriye kadargezi yollar\u0131 yapt\u0131rd\u0131.\u00a0 D\u00fcnyan\u0131n \u00fcnl\u00fc ma\u011faralar\u0131 kadar g\u00fczel olan bu ma\u011fara i\u00e7in D\u00fcnyan\u0131n her yerinden, \u00f6zellikle Arap \u00fclkelerinden ziyaret\u00e7iler gelir. Ak\u00e7aabat tan D\u00fczk\u00f6y \u00fczerinden ula\u015f\u0131m\u0131 \u00e7ok kolay, azami 40 km. olan bu yol tamamen asfalt yoldur, k\u0131\u015f aylar\u0131nda bile bu yol a\u00e7\u0131k tutulur. K\u00f6y\u00fcmde oldu\u011fu i\u00e7in s\u00f6ylemiyorum, ger\u00e7ekten g\u00f6r\u00fclmeye de\u011fer. \u00c7evresi Milli park oldu\u011fu i\u00e7in, do\u011fa g\u00fczellikleri i\u00e7inde ayr\u0131ca mangal keyfide yap\u0131labilen bu do\u011fal ortamda insanlar tatil keyfini \u00e7\u0131karabilir. Neyse, Bir haftada ne kadar bu harika g\u00fczelliklere sahip yerlerde gezilebilinir ki. oksijen deposu bu yerleri gittik,gezdik,eski dostlar\u0131m\u0131z\u0131,\u00e7ocukluk arkada\u015flar\u0131m\u0131z\u0131 g\u00f6rd\u00fck,d\u00f6nd\u00fck.. Sa\u011fl\u0131klar,Esenlikler herkese\u2026.<\/p>\n","protected":false},"excerpt":{"rendered":"<p>Bu yaz\u0131mda, sadece Ramazan Bayram\u0131nda bir haftal\u0131\u011f\u0131na \u00e7\u0131kt\u0131\u011f\u0131m Karadeniz seyahatini anlataca\u011f\u0131m.<\/p>\n","protected":false},"author":1,"featured_media":74,"comment_status":"closed","ping_status":"open","sticky":false,"template":"","format":"standard","meta":{"footnotes":""},"categories":[14],"tags":[],"class_list":["post-194","post","type-post","status-publish","format-standard","has-post-thumbnail","","category-yazarlar"],"_links":{"self":[{"href":"https:\/\/polisemeklileri.com\/tr\/wp-json\/wp\/v2\/posts\/194","targetHints":{"allow":["GET"]}}],"collection":[{"href":"https:\/\/polisemeklileri.com\/tr\/wp-json\/wp\/v2\/posts"}],"about":[{"href":"https:\/\/polisemeklileri.com\/tr\/wp-json\/wp\/v2\/types\/post"}],"author":[{"embeddable":true,"href":"https:\/\/polisemeklileri.com\/tr\/wp-json\/wp\/v2\/users\/1"}],"replies":[{"embeddable":true,"href":"https:\/\/polisemeklileri.com\/tr\/wp-json\/wp\/v2\/comments?post=194"}],"version-history":[{"count":0,"href":"https:\/\/polisemeklileri.com\/tr\/wp-json\/wp\/v2\/posts\/194\/revisions"}],"wp:featuredmedia":[{"embeddable":true,"href":"https:\/\/polisemeklileri.com\/tr\/wp-json\/wp\/v2\/media\/74"}],"wp:attachment":[{"href":"https:\/\/polisemeklileri.com\/tr\/wp-json\/wp\/v2\/media?parent=194"}],"wp:term":[{"taxonomy":"category","embeddable":true,"href":"https:\/\/polisemeklileri.com\/tr\/wp-json\/wp\/v2\/categories?post=194"},{"taxonomy":"post_tag","embeddable":true,"href":"https:\/\/polisemeklileri.com\/tr\/wp-json\/wp\/v2\/tags?post=194"}],"curies":[{"name":"wp","href":"https:\/\/api.w.org\/{rel}","templated":true}]}}