{"id":43,"date":"2012-10-19T13:26:09","date_gmt":"2012-10-19T10:26:09","guid":{"rendered":"http:\/\/www.polisemeklileriyardimlasmadernegi.com\/?p=43"},"modified":"2012-10-19T13:26:09","modified_gmt":"2012-10-19T10:26:09","slug":"aysan-ozgor-2","status":"publish","type":"post","link":"https:\/\/polisemeklileri.com\/tr\/genel\/aysan-ozgor-2\/","title":{"rendered":"Aysan \u00d6ZG\u00d6R"},"content":{"rendered":"<p>Aysan \u00d6ZG\u00d6R<\/p>\n<p>Emniyet Amiri<\/p>\n<p><img loading=\"lazy\" decoding=\"async\" class=\"aligncenter size-full wp-image-44\" title=\"Devrekani Em. Am. Aysan\" src=\"http:\/\/dernek.polisemeklileri.com\/wp-content\/uploads\/2012\/10\/Devrekani-Em.-Am.-Aysan-e1350808533534.jpg\" alt=\"\" width=\"600\" height=\"450\" srcset=\"https:\/\/polisemeklileri.com\/tr\/wp-content\/uploads\/2012\/10\/Devrekani-Em.-Am.-Aysan-e1350808533534.jpg 600w, https:\/\/polisemeklileri.com\/tr\/wp-content\/uploads\/2012\/10\/Devrekani-Em.-Am.-Aysan-e1350808533534-300x225.jpg 300w\" sizes=\"auto, (max-width: 600px) 100vw, 600px\" \/><\/p>\n<p>1969 Y\u0131l\u0131nda \u0130stanbul ilinde do\u011fdu. E\u011fitimini Polis Koleji ve Akademisinde yapt\u0131. Evli ve 2 \u00e7ocuk babas\u0131d\u0131r.<\/p>\n<p>G\u00d6REV YAPTI\u011eI B\u0130R\u0130MLER:<\/p>\n<p>Haberle\u015fme Daire Ba\u015fkanl\u0131\u011f\u0131, Tunceli Emniyet M\u00fcd\u00fcrl\u00fc\u011f\u00fc, Mu\u011fla Emniyet M\u00fcd\u00fcrl\u00fc\u011f\u00fc, K\u0131rklareli Emniyet M\u00fcd\u00fcrl\u00fc\u011f\u00fc, Kastamonu Emniyet M\u00fcd\u00fcrl\u00fc\u011f\u00fc Devrekani Emniyet M\u00fcd\u00fcrl\u00fc\u011f\u00fc.<\/p>\n<p>&nbsp;<\/p>\n","protected":false},"excerpt":{"rendered":"<p>Aysan \u00d6ZG\u00d6R Emniyet Amiri 1969 Y\u0131l\u0131nda \u0130stanbul ilinde do\u011fdu. E\u011fitimini Polis Koleji ve Akademisinde yapt\u0131. Evli ve 2 \u00e7ocuk babas\u0131d\u0131r. G\u00d6REV YAPTI\u011eI B\u0130R\u0130MLER: Haberle\u015fme Daire Ba\u015fkanl\u0131\u011f\u0131, Tunceli Emniyet M\u00fcd\u00fcrl\u00fc\u011f\u00fc, Mu\u011fla Emniyet M\u00fcd\u00fcrl\u00fc\u011f\u00fc, K\u0131rklareli Emniyet M\u00fcd\u00fcrl\u00fc\u011f\u00fc, Kastamonu Emniyet M\u00fcd\u00fcrl\u00fc\u011f\u00fc Devrekani Emniyet M\u00fcd\u00fcrl\u00fc\u011f\u00fc. &nbsp;<\/p>\n","protected":false},"author":1,"featured_media":44,"comment_status":"closed","ping_status":"closed","sticky":false,"template":"","format":"standard","meta":{"footnotes":""},"categories":[1,13],"tags":[],"class_list":["post-43","post","type-post","status-publish","format-standard","has-post-thumbnail","","category-genel","category-ilce-emniyet-mudurleri"],"_links":{"self":[{"href":"https:\/\/polisemeklileri.com\/tr\/wp-json\/wp\/v2\/posts\/43","targetHints":{"allow":["GET"]}}],"collection":[{"href":"https:\/\/polisemeklileri.com\/tr\/wp-json\/wp\/v2\/posts"}],"about":[{"href":"https:\/\/polisemeklileri.com\/tr\/wp-json\/wp\/v2\/types\/post"}],"author":[{"embeddable":true,"href":"https:\/\/polisemeklileri.com\/tr\/wp-json\/wp\/v2\/users\/1"}],"replies":[{"embeddable":true,"href":"https:\/\/polisemeklileri.com\/tr\/wp-json\/wp\/v2\/comments?post=43"}],"version-history":[{"count":0,"href":"https:\/\/polisemeklileri.com\/tr\/wp-json\/wp\/v2\/posts\/43\/revisions"}],"wp:featuredmedia":[{"embeddable":true,"href":"https:\/\/polisemeklileri.com\/tr\/wp-json\/wp\/v2\/media\/44"}],"wp:attachment":[{"href":"https:\/\/polisemeklileri.com\/tr\/wp-json\/wp\/v2\/media?parent=43"}],"wp:term":[{"taxonomy":"category","embeddable":true,"href":"https:\/\/polisemeklileri.com\/tr\/wp-json\/wp\/v2\/categories?post=43"},{"taxonomy":"post_tag","embeddable":true,"href":"https:\/\/polisemeklileri.com\/tr\/wp-json\/wp\/v2\/tags?post=43"}],"curies":[{"name":"wp","href":"https:\/\/api.w.org\/{rel}","templated":true}]}}