{"id":646,"date":"2015-01-29T00:26:46","date_gmt":"2015-01-28T22:26:46","guid":{"rendered":"http:\/\/dernek.polisemeklileri.com\/?p=646"},"modified":"2015-01-29T00:26:46","modified_gmt":"2015-01-28T22:26:46","slug":"inciler-sacilmasin","status":"publish","type":"post","link":"https:\/\/polisemeklileri.com\/tr\/genel\/inciler-sacilmasin\/","title":{"rendered":"\u0130nciler sa\u00e7\u0131lmas\u0131n"},"content":{"rendered":"<p><a href=\"http:\/\/dernek.polisemeklileri.com\/wp-content\/uploads\/2015\/01\/Untitled-37.png\"><img loading=\"lazy\" decoding=\"async\" class=\"  wp-image-647 aligncenter\" src=\"http:\/\/dernek.polisemeklileri.com\/wp-content\/uploads\/2015\/01\/Untitled-37-1024x421.png\" alt=\"inciler sac\u0131lmas\u0131n\" width=\"662\" height=\"272\" srcset=\"https:\/\/polisemeklileri.com\/tr\/wp-content\/uploads\/2015\/01\/Untitled-37-1024x421.png 1024w, https:\/\/polisemeklileri.com\/tr\/wp-content\/uploads\/2015\/01\/Untitled-37-300x123.png 300w, https:\/\/polisemeklileri.com\/tr\/wp-content\/uploads\/2015\/01\/Untitled-37-768x316.png 768w, https:\/\/polisemeklileri.com\/tr\/wp-content\/uploads\/2015\/01\/Untitled-37.png 1162w\" sizes=\"auto, (max-width: 662px) 100vw, 662px\" \/><\/a><\/p>\n<p><strong>K\u00dcTAHYA<\/strong> Toplum Destekli Polislik \u015eube M\u00fcd\u00fcr\u00fc R\u0131dvan Reyhano\u011flu, T\u00fcrkiye\u2019de \u00f6rnek g\u00f6sterilecek bir projeye imza att\u0131. \u0130\u015fte o projenin detaylar\u0131: K\u00fctahya ilinde sosyal ve k\u00fclt\u00fcrel faaliyetlerin geli\u015ftirilmesi ve sosyo-ekonomik durumun yetersizli\u011finden dolay\u0131; sinema ve tiyatro gibi faaliyetlerde bulunamamak veya \u00e7ocuklara y\u00f6nelik organizasyonlara polisin kurumsal kimli\u011fiyle katk\u0131da bulunmak ama\u00e7lanarak bir proje \u00fcretilmi\u015ftir.<\/p>\n<p style=\"text-align: center;\"><strong>A\u011fa\u00e7 ya\u015fken e\u011filir felsefesi <\/strong><\/p>\n<p>G\u00fcvenli Hayat ve G\u00fcvenli Gelecek \u0130\u00e7in \u00c7ocuk ve Gen\u00e7ler Sosyal Koruma ve Destek Program\u0131 (\u00c7OGEP) kapsam\u0131nda K\u00fctahya \u0130l Emniyet M\u00fcd\u00fcrl\u00fc\u011f\u00fc Toplum Destekli Polislik \u015eube M\u00fcd\u00fcrl\u00fc\u011f\u00fc taraf\u0131ndan bir proje haz\u0131rlanm\u0131\u015f ve 14 \u015eubat 2014 tarihinde Asayi\u015f Daire Ba\u015fkanl\u0131\u011f\u0131 taraf\u0131ndan onaylanm\u0131\u015ft\u0131r. Haz\u0131rlanan projede \u201cA\u011fa\u00e7 ya\u015fken e\u011filir!\u201d felsefesiyle 6-12 ya\u015f grubunda bulunan \u00f6\u011frenciler hedef kitle olarak al\u0131nm\u0131\u015f ve proje kapsam\u0131nda K\u00fctahya\u2019da e\u011fitim-\u00f6\u011fretim g\u00f6ren 5000 \u00f6\u011frenciye ula\u015f\u0131lm\u0131\u015ft\u0131r.<\/p>\n<p style=\"text-align: center;\"><strong>Kahraman Kanka tiyatro oyunu<\/strong><\/p>\n<p>\u201cKahraman Kanka Zalim Krala Kar\u015f\u0131\u201d isimli balon tiyatrosunun \u00e7ocuklara sergilendi\u011fi projede K\u00fctahya \u0130l merkezinde t\u00fcm \u00f6\u011frenci gruplar\u0131n\u0131n i\u00e7erisinden baz\u0131 \u00f6\u011frencilerin toplu ta\u015f\u0131ma ara\u00e7lar\u0131ndaki ya\u015fl\u0131, hamile, yard\u0131ma muhta\u00e7 insanlara yer verilmemesi, y\u00fcksek sesle argo kelimelerin kullan\u0131lmas\u0131, \u00e7ocuklar\u0131n emniyet kemeri tak\u0131l\u0131 olmadan \u00f6n koltukta seyahat ederek, arka koltukta emniyet kemeri tak\u0131l\u0131 bir \u015fekilde seyahat etmemeleri, okul servislerinde mutlaka emniyet kemerini takmalar\u0131, takmayan\u0131 uyarmalar\u0131 y\u00f6n\u00fcnde \u00e7ocuklar bilin\u00e7lendirilmesi ama\u00e7lanm\u0131\u015ft\u0131r. Son y\u0131llarda t\u00fcm kesimlerin destekledi\u011fi \u201cdumans\u0131z hava sahas\u0131\u201d sigaran\u0131n zararlar\u0131na \u00e7ocuklara farkl\u0131 bir bak\u0131\u015f a\u00e7\u0131s\u0131ndan, anne-babalar\u0131n\u0131 uyarmalar\u0131, dumanl\u0131 alanda bulunmamalar\u0131 vb. anlat\u0131larak, ara\u00e7 i\u00e7inde ya\u015fl\u0131 ve \u00e7ocuklar olmas\u0131na ra\u011fmen \u201ccam\u0131 a\u00e7arak\u201d sigara i\u00e7ilmesi; bu noktada etkin bir \u015fekilde \u00e7ocuklar\u0131n kar\u015f\u0131 taraf\u0131 uyarmalar\u0131, bro\u015f\u00fcr vb. bilgilendirmelerden daha etkili olmaktad\u0131r.<\/p>\n<p style=\"text-align: center;\"><strong>Tam 5 bin \u00f6\u011frenciye ula\u015f\u0131ld\u0131 <\/strong><\/p>\n<p>Proje kapsam\u0131nda d\u00fczenlenen 10 seans tiyatroda 5000 \u00f6\u011frenci K\u00fctahya Belediyesi K\u00fclt\u00fcr ve Al\u0131\u015fveri\u015f Merkezi Tiyatro salonunda misafir edilmi\u015f, tiyatro \u00f6ncesinde kamu spotu videolar\u0131yla verilmek istenen mesajlar \u00e7ocuklar\u0131n dilinden izletilmi\u015f, rol-model \u00e7er\u00e7evesinde Vali, \u0130l Emniyet M\u00fcd\u00fcr\u00fc, akademisyenler, doktorlar, avukatlar ve baz\u0131 birim amirleri \u00e7ocuklarla bulu\u015fturulmu\u015f, \u00e7ocuklarla tan\u0131\u015fan rol-modeller kendi ya\u015famlar\u0131ndan \u00f6rneklerle \u00e7ocuklara anlatm\u0131\u015flard\u0131r. 1-4 Nisan 2014 tarihleri aras\u0131nda tiyatro sahnelenmi\u015f, kat\u0131l\u0131m sa\u011flayan \u00f6\u011frencilere su, meyve suyu, kek ve g\u00fcn\u00fcn hat\u0131ras\u0131 olan Kanka Polis Maskotu Anahtarl\u0131\u011f\u0131 hediye edilmi\u015ftir.<\/p>\n<p style=\"text-align: center;\"><strong>Sevgi yolunda el ele y\u00fcr\u00fcy\u00fc\u015f <\/strong><\/p>\n<p>Ayr\u0131ca Polis haftas\u0131 etkinlikleri kapsam\u0131nda 5 Nisan 2014 Cumartesi g\u00fcn\u00fc K\u00fctahya \u0130l Protokol\u00fc, Polisler ve \u00f6\u011frenciler taraf\u0131ndan Kahraman Polis Kanka y\u00fcr\u00fcy\u00fc\u015f\u00fc d\u00fczenlenmi\u015ftir. K\u00fctahya Sevgi yolu\u2019nda yap\u0131lan y\u00fcr\u00fcy\u00fc\u015fte polis-halk el ele \u00e7e\u015fitli hediyeler verilerek vatanda\u015fla bir araya\u00a0gelinmi\u015ftir. yap\u0131lan etkinlik sonras\u0131 tiyatro etkinli\u011fine kat\u0131lamayan okullara giden Toplum Destekli Polislik \u015eube M\u00fcd\u00fcrl\u00fc\u011f\u00fc personeli Polis 155, Emniyet Kemeri, Dumans\u0131z Hava Sahas\u0131 ve \u00c7evre Bilinci ile ilgili \u00f6\u011frencilere sorular sorup al\u0131nan do\u011fru cevaplar kar\u015f\u0131s\u0131nda \u00f6\u011frencilere konular\u0131na uygun buton rozetler hediye edilmi\u015ftir.<\/p>\n<p style=\"text-align: center;\"><strong>Anneler ve Babalar g\u00fcn\u00fc <\/strong><\/p>\n<p>K\u00fctahya \u0130l Emniyet M\u00fcd\u00fcrl\u00fc\u011f\u00fc Toplum Destekli Polislik \u015eube M\u00fcd\u00fcrl\u00fc\u011f\u00fc taraf\u0131ndan haz\u0131rlanan projeler ve \u00e7al\u0131\u015fmalar K\u00fctahya\u2019da vatanda\u015flarla polis aras\u0131nda kelebek etkisi olu\u015fturuyor. Haz\u0131rlanan proje ve \u00e7al\u0131\u015fmalarla dinamikli\u011fini s\u00fcrd\u00fcren K\u00fctahya TDP, \u00f6nemli g\u00fcnlerde K\u00fctahyal\u0131 vatanda\u015flar\u0131 unutmuyor. Anneler G\u00fcn\u00fc\u2019n\u00fc \u00e7al\u0131\u015fmas\u0131yla haz\u0131rlanan karanfiller her \u015feyimiz annelerimize hediye edilmi\u015f ve bu g\u00fcnde K\u00fctahya Polisinin kendilerini unutmad\u0131\u011f\u0131n\u0131 g\u00f6stermi\u015ftir. Anneler G\u00fcn\u00fc\u2019n\u00fcn yan\u0131 s\u0131ra Babalar G\u00fcn\u00fc\u2019n\u00fc de unutmayan Toplum Destekli Polisler, \u015fehrin bir\u00e7ok noktas\u0131nda yaya ve ara\u00e7 s\u00fcr\u00fcc\u00fclerine ara\u00e7 kokusu hediye ederek bu \u00f6zel g\u00fcn\u00fc hat\u0131rlatm\u0131\u015f, vatanda\u015flardan olumlu geri d\u00f6n\u00fc\u015fler alm\u0131\u015flard\u0131r.<\/p>\n","protected":false},"excerpt":{"rendered":"<p>K\u00fctahya Emniyet M\u00fcd\u00fcrl\u00fc\u011f\u00fc, Toplum Destekli Polislik \u015eube M\u00fcd\u00fcrl\u00fc\u011f\u00fc taraf\u0131ndan hayata ge\u00e7irilen \u2018Gen\u00e7ler Sosyal Koruma ve Destek Program\u0131\u2019 ba\u015far\u0131ya ula\u015ft\u0131. Projenin ilden ile yay\u0131lmas\u0131 bekleniyor.<\/p>\n","protected":false},"author":1,"featured_media":647,"comment_status":"closed","ping_status":"closed","sticky":false,"template":"","format":"standard","meta":{"footnotes":""},"categories":[5,1],"tags":[],"class_list":["post-646","post","type-post","status-publish","format-standard","has-post-thumbnail","","category-etkinlikler","category-genel"],"_links":{"self":[{"href":"https:\/\/polisemeklileri.com\/tr\/wp-json\/wp\/v2\/posts\/646","targetHints":{"allow":["GET"]}}],"collection":[{"href":"https:\/\/polisemeklileri.com\/tr\/wp-json\/wp\/v2\/posts"}],"about":[{"href":"https:\/\/polisemeklileri.com\/tr\/wp-json\/wp\/v2\/types\/post"}],"author":[{"embeddable":true,"href":"https:\/\/polisemeklileri.com\/tr\/wp-json\/wp\/v2\/users\/1"}],"replies":[{"embeddable":true,"href":"https:\/\/polisemeklileri.com\/tr\/wp-json\/wp\/v2\/comments?post=646"}],"version-history":[{"count":0,"href":"https:\/\/polisemeklileri.com\/tr\/wp-json\/wp\/v2\/posts\/646\/revisions"}],"wp:featuredmedia":[{"embeddable":true,"href":"https:\/\/polisemeklileri.com\/tr\/wp-json\/wp\/v2\/media\/647"}],"wp:attachment":[{"href":"https:\/\/polisemeklileri.com\/tr\/wp-json\/wp\/v2\/media?parent=646"}],"wp:term":[{"taxonomy":"category","embeddable":true,"href":"https:\/\/polisemeklileri.com\/tr\/wp-json\/wp\/v2\/categories?post=646"},{"taxonomy":"post_tag","embeddable":true,"href":"https:\/\/polisemeklileri.com\/tr\/wp-json\/wp\/v2\/tags?post=646"}],"curies":[{"name":"wp","href":"https:\/\/api.w.org\/{rel}","templated":true}]}}