{"id":736,"date":"2015-04-04T14:50:21","date_gmt":"2015-04-04T11:50:21","guid":{"rendered":"http:\/\/dernek.polisemeklileri.com\/?p=736"},"modified":"2015-04-04T14:50:21","modified_gmt":"2015-04-04T11:50:21","slug":"midyata-taze-kan","status":"publish","type":"post","link":"https:\/\/polisemeklileri.com\/tr\/genel\/midyata-taze-kan\/","title":{"rendered":"Midyat\u2019a Taze Kan"},"content":{"rendered":"<p><img loading=\"lazy\" decoding=\"async\" class=\"alignleft size-full wp-image-738\" src=\"http:\/\/dernek.polisemeklileri.com\/wp-content\/uploads\/2015\/04\/yakup-eker-1.jpg\" alt=\"yakup-eker-1\" width=\"173\" height=\"316\" srcset=\"https:\/\/polisemeklileri.com\/tr\/wp-content\/uploads\/2015\/04\/yakup-eker-1.jpg 173w, https:\/\/polisemeklileri.com\/tr\/wp-content\/uploads\/2015\/04\/yakup-eker-1-164x300.jpg 164w\" sizes=\"auto, (max-width: 173px) 100vw, 173px\" \/>1975Y\u0131l\u0131nda Mersin \u0130li, Tarsus il\u00e7esinde do\u011fan Yakup EKER \u0130lk ve Orta \u00f6\u011frenimini ayn\u0131 yerde tamamlad\u0131ktan sonra 1989 y\u0131l\u0131nda Polis Kolejine girdi. 1997 Y\u0131l\u0131nda Polis Akademisinden mezun olarak Adana \u0130line atand\u0131. Burada bir s\u00fcre \u00e7al\u0131\u015ft\u0131ktan sonra s\u0131ras\u0131yla Sakarya, Siirt ve Yalova illerinde \u00e7e\u015fitli birimlerde g\u00f6rev ald\u0131. Siirt<br \/>\nilinde \u00e7al\u0131\u015f\u0131rken iki y\u0131l Birle\u015fmi\u015f Milletler ad\u0131na Sudan\u2019 da Misyon da g\u00f6rev ald\u0131. 2014 Y\u0131l\u0131nda 4. S\u0131n\u0131f R\u00fctbesiyle Mardin \u0130line gelerek burada da Midyat \u0130l\u00e7e Emniyet M\u00fcd\u00fcr\u00fc olarak atand\u0131. Halen bu g\u00f6revi y\u00fcr\u00fctmekte olan Yakup EKER evli ve 2 \u00e7ocuk babas\u0131d\u0131r.<\/p>\n","protected":false},"excerpt":{"rendered":"<p>Midyat \u0130l\u00e7e Emniyet M\u00fcd\u00fcr\u00fc Yakup EKER<\/p>\n","protected":false},"author":1,"featured_media":737,"comment_status":"closed","ping_status":"closed","sticky":false,"template":"","format":"standard","meta":{"footnotes":""},"categories":[1,13],"tags":[47,61],"class_list":["post-736","post","type-post","status-publish","format-standard","has-post-thumbnail","","category-genel","category-ilce-emniyet-mudurleri","tag-midyat","tag-yakup-eker"],"_links":{"self":[{"href":"https:\/\/polisemeklileri.com\/tr\/wp-json\/wp\/v2\/posts\/736","targetHints":{"allow":["GET"]}}],"collection":[{"href":"https:\/\/polisemeklileri.com\/tr\/wp-json\/wp\/v2\/posts"}],"about":[{"href":"https:\/\/polisemeklileri.com\/tr\/wp-json\/wp\/v2\/types\/post"}],"author":[{"embeddable":true,"href":"https:\/\/polisemeklileri.com\/tr\/wp-json\/wp\/v2\/users\/1"}],"replies":[{"embeddable":true,"href":"https:\/\/polisemeklileri.com\/tr\/wp-json\/wp\/v2\/comments?post=736"}],"version-history":[{"count":0,"href":"https:\/\/polisemeklileri.com\/tr\/wp-json\/wp\/v2\/posts\/736\/revisions"}],"wp:featuredmedia":[{"embeddable":true,"href":"https:\/\/polisemeklileri.com\/tr\/wp-json\/wp\/v2\/media\/737"}],"wp:attachment":[{"href":"https:\/\/polisemeklileri.com\/tr\/wp-json\/wp\/v2\/media?parent=736"}],"wp:term":[{"taxonomy":"category","embeddable":true,"href":"https:\/\/polisemeklileri.com\/tr\/wp-json\/wp\/v2\/categories?post=736"},{"taxonomy":"post_tag","embeddable":true,"href":"https:\/\/polisemeklileri.com\/tr\/wp-json\/wp\/v2\/tags?post=736"}],"curies":[{"name":"wp","href":"https:\/\/api.w.org\/{rel}","templated":true}]}}