{"id":79,"date":"2012-10-19T13:56:45","date_gmt":"2012-10-19T10:56:45","guid":{"rendered":"http:\/\/www.polisemeklileriyardimlasmadernegi.com\/?p=79"},"modified":"2021-01-10T21:34:02","modified_gmt":"2021-01-10T18:34:02","slug":"cem-yilmaz","status":"publish","type":"post","link":"https:\/\/polisemeklileri.com\/tr\/genel\/cem-yilmaz\/","title":{"rendered":"Cem YILMAZ"},"content":{"rendered":"<p><strong>BASINS\u0130TES\u0130 POL\u0130S MERKEZ\u0130 AM\u0130R\u0130<\/strong><\/p>\n<p><strong>\u00a0<\/strong><strong>\u00a0(Ba\u015fkomiser)<\/strong><\/p>\n<p><img loading=\"lazy\" decoding=\"async\" class=\"aligncenter size-full wp-image-80\" title=\"CEM YILMAZ (Ba\u015fkomser) Bas\u0131n Sitesi polis Merkezi Amiri\" src=\"http:\/\/dernek.polisemeklileri.com\/wp-content\/uploads\/2012\/10\/CEM-YILMAZ-Ba\u015fkomser-Bas\u0131n-Sitesi-polis-Merkezi-Amiri.jpg\" alt=\"\" width=\"450\" height=\"600\" srcset=\"https:\/\/polisemeklileri.com\/tr\/wp-content\/uploads\/2012\/10\/CEM-YILMAZ-Ba\u015fkomser-Bas\u0131n-Sitesi-polis-Merkezi-Amiri.jpg 450w, https:\/\/polisemeklileri.com\/tr\/wp-content\/uploads\/2012\/10\/CEM-YILMAZ-Ba\u015fkomser-Bas\u0131n-Sitesi-polis-Merkezi-Amiri-225x300.jpg 225w\" sizes=\"auto, (max-width: 450px) 100vw, 450px\" \/><\/p>\n<p>Bas\u0131nsitesi Polis Merkezi olan Ba\u015fkomiserimiz Say\u0131n Cem YILMAZ, 1981 y\u0131l\u0131nda Konya\u2019da do\u011fdu. Polis Koleji ve Akademisini bitirdikten sonra ilk g\u00f6rev yeri olan A\u011fr\u0131 iline tayin olmu\u015ftur. Daha sonra yurt d\u0131\u015f\u0131 g\u00f6revi i\u00e7in, Slovakyan\u0131n ba\u015fkenti Bratislava\u2019ya gidip 3 y\u0131l boyunca Ate\u015fe olarak \u00e7al\u0131\u015ft\u0131ktan sonra \u0130zmir\u2019 gelen Say\u0131n Cem YILMAZ, halen Karaba\u011flar Bas\u0131nsitesi Polis Merkezi g\u00f6revini s\u00fcrd\u00fcrmektedir. Polis Merkezine intikal eden adli vakalar\u0131n b\u00fcy\u00fck \u00e7o\u011funlu\u011funu mesai arkada\u015flar\u0131yla birlikte \u00e7\u00f6zen Say\u0131n YILMAZ evli ve 2 \u00e7ocuk babas\u0131d\u0131r.<\/p>\n<p>&nbsp;<\/p>\n<p><a href=\"http:\/\/dernek.polisemeklileri.com\/wp-content\/uploads\/2012\/10\/Ba\u015f.-Koms.-Cem-YILMAZ-ve-personelin-bir-k\u0131sm\u0131-toplu-halde.jpg\"><img loading=\"lazy\" decoding=\"async\" class=\"aligncenter size-full wp-image-81\" src=\"http:\/\/dernek.polisemeklileri.com\/wp-content\/uploads\/2012\/10\/Ba\u015f.-Koms.-Cem-YILMAZ-ve-personelin-bir-k\u0131sm\u0131-toplu-halde.jpg\" alt=\"\" width=\"600\" height=\"450\" srcset=\"https:\/\/polisemeklileri.com\/tr\/wp-content\/uploads\/2012\/10\/Ba\u015f.-Koms.-Cem-YILMAZ-ve-personelin-bir-k\u0131sm\u0131-toplu-halde.jpg 600w, https:\/\/polisemeklileri.com\/tr\/wp-content\/uploads\/2012\/10\/Ba\u015f.-Koms.-Cem-YILMAZ-ve-personelin-bir-k\u0131sm\u0131-toplu-halde-300x225.jpg 300w\" sizes=\"auto, (max-width: 600px) 100vw, 600px\" \/><\/a><\/p>\n","protected":false},"excerpt":{"rendered":"<p>BASINS\u0130TES\u0130 POL\u0130S MERKEZ\u0130 AM\u0130R\u0130 \u00a0\u00a0(Ba\u015fkomiser) Bas\u0131nsitesi Polis Merkezi olan Ba\u015fkomiserimiz Say\u0131n Cem YILMAZ, 1981 y\u0131l\u0131nda Konya\u2019da do\u011fdu. Polis Koleji ve Akademisini bitirdikten sonra ilk g\u00f6rev yeri olan A\u011fr\u0131 iline tayin olmu\u015ftur. Daha sonra yurt d\u0131\u015f\u0131 g\u00f6revi i\u00e7in, Slovakyan\u0131n ba\u015fkenti Bratislava\u2019ya gidip 3 y\u0131l boyunca Ate\u015fe olarak \u00e7al\u0131\u015ft\u0131ktan sonra \u0130zmir\u2019 gelen Say\u0131n Cem YILMAZ, halen Karaba\u011flar &hellip;<\/p>\n","protected":false},"author":1,"featured_media":81,"comment_status":"closed","ping_status":"open","sticky":false,"template":"","format":"standard","meta":{"footnotes":""},"categories":[1,4],"tags":[],"class_list":["post-79","post","type-post","status-publish","format-standard","has-post-thumbnail","","category-genel","category-karakol-amirleri"],"_links":{"self":[{"href":"https:\/\/polisemeklileri.com\/tr\/wp-json\/wp\/v2\/posts\/79","targetHints":{"allow":["GET"]}}],"collection":[{"href":"https:\/\/polisemeklileri.com\/tr\/wp-json\/wp\/v2\/posts"}],"about":[{"href":"https:\/\/polisemeklileri.com\/tr\/wp-json\/wp\/v2\/types\/post"}],"author":[{"embeddable":true,"href":"https:\/\/polisemeklileri.com\/tr\/wp-json\/wp\/v2\/users\/1"}],"replies":[{"embeddable":true,"href":"https:\/\/polisemeklileri.com\/tr\/wp-json\/wp\/v2\/comments?post=79"}],"version-history":[{"count":1,"href":"https:\/\/polisemeklileri.com\/tr\/wp-json\/wp\/v2\/posts\/79\/revisions"}],"predecessor-version":[{"id":1359,"href":"https:\/\/polisemeklileri.com\/tr\/wp-json\/wp\/v2\/posts\/79\/revisions\/1359"}],"wp:featuredmedia":[{"embeddable":true,"href":"https:\/\/polisemeklileri.com\/tr\/wp-json\/wp\/v2\/media\/81"}],"wp:attachment":[{"href":"https:\/\/polisemeklileri.com\/tr\/wp-json\/wp\/v2\/media?parent=79"}],"wp:term":[{"taxonomy":"category","embeddable":true,"href":"https:\/\/polisemeklileri.com\/tr\/wp-json\/wp\/v2\/categories?post=79"},{"taxonomy":"post_tag","embeddable":true,"href":"https:\/\/polisemeklileri.com\/tr\/wp-json\/wp\/v2\/tags?post=79"}],"curies":[{"name":"wp","href":"https:\/\/api.w.org\/{rel}","templated":true}]}}