{"id":85,"date":"2012-10-19T14:02:00","date_gmt":"2012-10-19T11:02:00","guid":{"rendered":"http:\/\/www.polisemeklileriyardimlasmadernegi.com\/?p=85"},"modified":"2012-10-19T14:02:00","modified_gmt":"2012-10-19T11:02:00","slug":"nazmi-kececi","status":"publish","type":"post","link":"https:\/\/polisemeklileri.com\/tr\/genel\/nazmi-kececi\/","title":{"rendered":"Nazmi KE\u00c7EC\u0130"},"content":{"rendered":"<p>\u0130ZM\u0130R KARABA\u011eLAR POL\u0130S MERKEZ\u0130 AM\u0130R\u0130<\/p>\n<p><a href=\"http:\/\/dernek.polisemeklileri.com\/wp-content\/uploads\/2012\/10\/KARABA\u011eLAR-POL\u0130S-MERKEZ\u0130-AM\u0130R\u0130-NAZM\u0130-KE\u00c7EC\u0130.jpg\"><img loading=\"lazy\" decoding=\"async\" class=\"aligncenter size-full wp-image-86\" src=\"http:\/\/dernek.polisemeklileri.com\/wp-content\/uploads\/2012\/10\/KARABA\u011eLAR-POL\u0130S-MERKEZ\u0130-AM\u0130R\u0130-NAZM\u0130-KE\u00c7EC\u0130.jpg\" alt=\"\" width=\"450\" height=\"600\" srcset=\"https:\/\/polisemeklileri.com\/tr\/wp-content\/uploads\/2012\/10\/KARABA\u011eLAR-POL\u0130S-MERKEZ\u0130-AM\u0130R\u0130-NAZM\u0130-KE\u00c7EC\u0130.jpg 450w, https:\/\/polisemeklileri.com\/tr\/wp-content\/uploads\/2012\/10\/KARABA\u011eLAR-POL\u0130S-MERKEZ\u0130-AM\u0130R\u0130-NAZM\u0130-KE\u00c7EC\u0130-225x300.jpg 225w\" sizes=\"auto, (max-width: 450px) 100vw, 450px\" \/><\/a><br \/>\n\u00a0\u00a0\u00a0\u00a0\u00a0\u00a0\u00a0\u00a0\u00a0\u00a0\u00a0\u00a0\u00a0\u00a0\u00a0\u00a0\u00a0 Karaba\u011flar Polis Merkezi&#8217; nin yeni Emniyet Amiri Say\u0131n Nazmi KE\u00c7EC\u0130 1979 y\u0131l\u0131nda U\u015fak&#8217; ta do\u011fmu\u015ftur. 1993 y\u0131l\u0131nda Ankara Polis Kolejine girerek, 2001 y\u0131l\u0131nda Polis Akademisinden Komiser Yard\u0131mc\u0131s\u0131 olarak mezun olduktan sonra ilk g\u00f6rev yeri \u0130zmir&#8217;e atanm\u0131\u015ft\u0131r, daha sonra ilk \u015fark hizmetini Mardin K\u0131z\u0131ltepe&#8217;de tamamlad\u0131ktan sonra tekrar \u0130zmir iline gelen say\u0131n KE\u00c7EC\u0130, Karaba\u011flar Polis Merkezinde g\u00f6reve ba\u015flam\u0131\u015ft\u0131r. Karaba\u011flar halk\u0131n\u0131n ve esnaf\u0131n\u0131n, k\u0131sa s\u00fcrede sayg\u0131 ve sevgisini kazanm\u0131\u015ft\u0131r. \u0130zmir ilinin en b\u00fcy\u00fck il\u00e7elerinden bir olan Karaba\u011flar 250 bin n\u00fcfusa sahip olmakla beraber, KARABA\u011eLAR, YE\u015e\u0130LYURT, BASIN S\u0130TES\u0130 VE ESK\u0130 \u0130ZM\u0130R POL\u0130S MERKEZ\u0130 olmak \u00fczere 4 karakolu bar\u0131nd\u0131rmaktad\u0131r. \u0130l\u00e7enin b\u00fcy\u00fck olu\u015fundan dolay\u0131 su\u00e7 olaylar\u0131n\u0131n \u00e7ok olams\u0131da ka\u00e7\u0131n\u0131lmaz olup, genellikle aile i\u00e7i \u015fiddet, h\u0131rs\u0131zl\u0131k ve gasp ba\u015fta olmak \u00fczere \u00e7e\u015fitli su\u00e7 unsurlar\u0131na rastlanmaktad\u0131r. 2012 y\u0131l\u0131 itibar\u0131 ile \u015fu ana kadar sadece Karaba\u011flar polis merkezine 2500 adli vakan\u0131n intikal etti\u011fini, ba\u015fta karakol amiri olmak \u00fczere polislerimizin b\u00fcy\u00fck bir titizlikle ve cansiperhane \u00e7al\u0131\u015fmalar\u0131 sonucu bu vakalar\u0131n %85 inin \u00e7\u00f6z\u00fcld\u00fc\u011f\u00fc anla\u015f\u0131lm\u0131\u015ft\u0131r.<br \/>\nHalen Karaba\u011flar Polis Merkezi Amiri olan Say\u0131n Nazmi KE\u00c7EC\u0130 evli ve Berra isimli 8 ya\u015f\u0131nda bir k\u0131z \u00e7ocuk babas\u0131d\u0131r. Bizlerde Polis Emeklileri Yard\u0131mla\u015fma Derne\u011fi-Huzur Ve G\u00fcvenlik Polis Haberleri Gaztesi, Dernek \u00fcyemiz ve Muhabirimiz Say\u0131n \u015eenol KA\u00c7AR, Karaba\u011flar Esnaf\u0131 ve halk\u0131 ad\u0131na Say\u0131n Nazmi KE\u00c7EC\u0130&#8217; nin ba\u015far\u0131lar\u0131n\u0131n devam\u0131n\u0131 dileriz.<\/p>\n<p>&nbsp;<\/p>\n<p><img loading=\"lazy\" decoding=\"async\" class=\"aligncenter size-full wp-image-87\" src=\"http:\/\/dernek.polisemeklileri.com\/wp-content\/uploads\/2012\/10\/NAZM\u0130-KE\u00c7EC\u0130-\u0130LE-DERNEK-\u00dcYEM\u0130Z-VE-MUHAB\u0130R\u0130M\u0130Z-\u015eENOL-KA\u00c7AR.jpg\" alt=\"\" width=\"600\" height=\"450\" srcset=\"https:\/\/polisemeklileri.com\/tr\/wp-content\/uploads\/2012\/10\/NAZM\u0130-KE\u00c7EC\u0130-\u0130LE-DERNEK-\u00dcYEM\u0130Z-VE-MUHAB\u0130R\u0130M\u0130Z-\u015eENOL-KA\u00c7AR.jpg 600w, https:\/\/polisemeklileri.com\/tr\/wp-content\/uploads\/2012\/10\/NAZM\u0130-KE\u00c7EC\u0130-\u0130LE-DERNEK-\u00dcYEM\u0130Z-VE-MUHAB\u0130R\u0130M\u0130Z-\u015eENOL-KA\u00c7AR-300x225.jpg 300w\" sizes=\"auto, (max-width: 600px) 100vw, 600px\" \/><\/p>\n<p>&nbsp;<\/p>\n<p><img loading=\"lazy\" decoding=\"async\" class=\"aligncenter size-full wp-image-88\" src=\"http:\/\/dernek.polisemeklileri.com\/wp-content\/uploads\/2012\/10\/NAZM\u0130-KE\u00c7EC\u0130-VE-KARAKOL-PERSONEL\u0130-TOPLU-HALDE.jpg\" alt=\"\" width=\"600\" height=\"450\" srcset=\"https:\/\/polisemeklileri.com\/tr\/wp-content\/uploads\/2012\/10\/NAZM\u0130-KE\u00c7EC\u0130-VE-KARAKOL-PERSONEL\u0130-TOPLU-HALDE.jpg 600w, https:\/\/polisemeklileri.com\/tr\/wp-content\/uploads\/2012\/10\/NAZM\u0130-KE\u00c7EC\u0130-VE-KARAKOL-PERSONEL\u0130-TOPLU-HALDE-300x225.jpg 300w\" sizes=\"auto, (max-width: 600px) 100vw, 600px\" \/><\/p>\n","protected":false},"excerpt":{"rendered":"<p>\u0130ZM\u0130R KARABA\u011eLAR POL\u0130S MERKEZ\u0130 AM\u0130R\u0130 \u00a0\u00a0\u00a0\u00a0\u00a0\u00a0\u00a0\u00a0\u00a0\u00a0\u00a0\u00a0\u00a0\u00a0\u00a0\u00a0\u00a0 Karaba\u011flar Polis Merkezi&#8217; nin yeni Emniyet Amiri Say\u0131n Nazmi KE\u00c7EC\u0130 1979 y\u0131l\u0131nda U\u015fak&#8217; ta do\u011fmu\u015ftur. 1993 y\u0131l\u0131nda Ankara Polis Kolejine girerek, 2001 y\u0131l\u0131nda Polis Akademisinden Komiser Yard\u0131mc\u0131s\u0131 olarak mezun olduktan sonra ilk g\u00f6rev yeri \u0130zmir&#8217;e atanm\u0131\u015ft\u0131r, daha sonra ilk \u015fark hizmetini Mardin K\u0131z\u0131ltepe&#8217;de tamamlad\u0131ktan sonra tekrar \u0130zmir iline gelen &hellip;<\/p>\n","protected":false},"author":1,"featured_media":88,"comment_status":"closed","ping_status":"closed","sticky":false,"template":"","format":"standard","meta":{"footnotes":""},"categories":[1,13],"tags":[],"class_list":["post-85","post","type-post","status-publish","format-standard","has-post-thumbnail","","category-genel","category-ilce-emniyet-mudurleri"],"_links":{"self":[{"href":"https:\/\/polisemeklileri.com\/tr\/wp-json\/wp\/v2\/posts\/85","targetHints":{"allow":["GET"]}}],"collection":[{"href":"https:\/\/polisemeklileri.com\/tr\/wp-json\/wp\/v2\/posts"}],"about":[{"href":"https:\/\/polisemeklileri.com\/tr\/wp-json\/wp\/v2\/types\/post"}],"author":[{"embeddable":true,"href":"https:\/\/polisemeklileri.com\/tr\/wp-json\/wp\/v2\/users\/1"}],"replies":[{"embeddable":true,"href":"https:\/\/polisemeklileri.com\/tr\/wp-json\/wp\/v2\/comments?post=85"}],"version-history":[{"count":0,"href":"https:\/\/polisemeklileri.com\/tr\/wp-json\/wp\/v2\/posts\/85\/revisions"}],"wp:featuredmedia":[{"embeddable":true,"href":"https:\/\/polisemeklileri.com\/tr\/wp-json\/wp\/v2\/media\/88"}],"wp:attachment":[{"href":"https:\/\/polisemeklileri.com\/tr\/wp-json\/wp\/v2\/media?parent=85"}],"wp:term":[{"taxonomy":"category","embeddable":true,"href":"https:\/\/polisemeklileri.com\/tr\/wp-json\/wp\/v2\/categories?post=85"},{"taxonomy":"post_tag","embeddable":true,"href":"https:\/\/polisemeklileri.com\/tr\/wp-json\/wp\/v2\/tags?post=85"}],"curies":[{"name":"wp","href":"https:\/\/api.w.org\/{rel}","templated":true}]}}