{"id":91,"date":"2012-10-19T14:18:27","date_gmt":"2012-10-19T11:18:27","guid":{"rendered":"http:\/\/www.polisemeklileriyardimlasmadernegi.com\/?p=91"},"modified":"2012-10-19T14:18:27","modified_gmt":"2012-10-19T11:18:27","slug":"mustafa-aydemir","status":"publish","type":"post","link":"https:\/\/polisemeklileri.com\/tr\/genel\/mustafa-aydemir\/","title":{"rendered":"Mustafa AYDEM\u0130R"},"content":{"rendered":"<p>YE\u015e\u0130LYURT POL\u0130S MERKEZ\u0130 AM\u0130R\u0130<\/p>\n<p><img loading=\"lazy\" decoding=\"async\" class=\"aligncenter size-full wp-image-96\" title=\"MUSTAFA AYDEM\u0130R (Ba\u015fkomser) Ye\u015filyurt Polis Merkezi Amiri\" src=\"http:\/\/dernek.polisemeklileri.com\/wp-content\/uploads\/2012\/10\/MUSTAFA-AYDEM\u0130R-Ba\u015fkomser-Ye\u015filyurt-Polis-Merkezi-Amiri.jpg\" alt=\"\" width=\"600\" height=\"450\" srcset=\"https:\/\/polisemeklileri.com\/tr\/wp-content\/uploads\/2012\/10\/MUSTAFA-AYDEM\u0130R-Ba\u015fkomser-Ye\u015filyurt-Polis-Merkezi-Amiri.jpg 600w, https:\/\/polisemeklileri.com\/tr\/wp-content\/uploads\/2012\/10\/MUSTAFA-AYDEM\u0130R-Ba\u015fkomser-Ye\u015filyurt-Polis-Merkezi-Amiri-300x225.jpg 300w\" sizes=\"auto, (max-width: 600px) 100vw, 600px\" \/><\/p>\n<p>Ye\u015filyurt halk\u0131n\u0131n g\u00f6zbebe\u011fie\u011fi olan Ba\u015fkomser Mustafa AYDEM\u0130R 1996 y\u0131l\u0131nda \u0130zmir Polis Kolejine girmi\u015ftir. Polis Akademisinden mezun olduktan sonra, Ayd\u0131n ili Ku\u015fadas\u0131 il\u00e7esinde \u00e7al\u0131\u015fmaya ba\u015flam\u0131\u015ft\u0131r, daha sonra Kahramanmara\u015fta \u015fark g\u00f6revini tamamlay\u0131p tekrar \u0130zmir\u2019e geldi. Halen Gaziemir Ye\u015filyurt polis Merkezinde g\u00f6revini s\u00fcrd\u00fcrmekte olan Say\u0131n Mustafa AYDEM\u0130R 2480 adli vakan\u0131n, %85 ini \u00e7\u00f6zm\u00fc\u015ft\u00fcr, kendisine ba\u015far\u0131lar\u0131n\u0131n devam\u0131n\u0131 dileriz.<\/p>\n<p>&nbsp;<\/p>\n<p><img loading=\"lazy\" decoding=\"async\" class=\"aligncenter size-full wp-image-97\" src=\"http:\/\/dernek.polisemeklileri.com\/wp-content\/uploads\/2012\/10\/Ba\u015f.-Koms.-Mustafa-AYDEM\u0130R-ve-Personel-tolu-halde.jpg\" alt=\"\" width=\"600\" height=\"450\" srcset=\"https:\/\/polisemeklileri.com\/tr\/wp-content\/uploads\/2012\/10\/Ba\u015f.-Koms.-Mustafa-AYDEM\u0130R-ve-Personel-tolu-halde.jpg 600w, https:\/\/polisemeklileri.com\/tr\/wp-content\/uploads\/2012\/10\/Ba\u015f.-Koms.-Mustafa-AYDEM\u0130R-ve-Personel-tolu-halde-300x225.jpg 300w\" sizes=\"auto, (max-width: 600px) 100vw, 600px\" \/><\/p>\n","protected":false},"excerpt":{"rendered":"<p>YE\u015e\u0130LYURT POL\u0130S MERKEZ\u0130 AM\u0130R\u0130 Ye\u015filyurt halk\u0131n\u0131n g\u00f6zbebe\u011fie\u011fi olan Ba\u015fkomser Mustafa AYDEM\u0130R 1996 y\u0131l\u0131nda \u0130zmir Polis Kolejine girmi\u015ftir. Polis Akademisinden mezun olduktan sonra, Ayd\u0131n ili Ku\u015fadas\u0131 il\u00e7esinde \u00e7al\u0131\u015fmaya ba\u015flam\u0131\u015ft\u0131r, daha sonra Kahramanmara\u015fta \u015fark g\u00f6revini tamamlay\u0131p tekrar \u0130zmir\u2019e geldi. Halen Gaziemir Ye\u015filyurt polis Merkezinde g\u00f6revini s\u00fcrd\u00fcrmekte olan Say\u0131n Mustafa AYDEM\u0130R 2480 adli vakan\u0131n, %85 ini \u00e7\u00f6zm\u00fc\u015ft\u00fcr, kendisine &hellip;<\/p>\n","protected":false},"author":1,"featured_media":97,"comment_status":"closed","ping_status":"closed","sticky":false,"template":"","format":"standard","meta":{"footnotes":""},"categories":[1,4],"tags":[],"class_list":["post-91","post","type-post","status-publish","format-standard","has-post-thumbnail","","category-genel","category-karakol-amirleri"],"_links":{"self":[{"href":"https:\/\/polisemeklileri.com\/tr\/wp-json\/wp\/v2\/posts\/91","targetHints":{"allow":["GET"]}}],"collection":[{"href":"https:\/\/polisemeklileri.com\/tr\/wp-json\/wp\/v2\/posts"}],"about":[{"href":"https:\/\/polisemeklileri.com\/tr\/wp-json\/wp\/v2\/types\/post"}],"author":[{"embeddable":true,"href":"https:\/\/polisemeklileri.com\/tr\/wp-json\/wp\/v2\/users\/1"}],"replies":[{"embeddable":true,"href":"https:\/\/polisemeklileri.com\/tr\/wp-json\/wp\/v2\/comments?post=91"}],"version-history":[{"count":0,"href":"https:\/\/polisemeklileri.com\/tr\/wp-json\/wp\/v2\/posts\/91\/revisions"}],"wp:featuredmedia":[{"embeddable":true,"href":"https:\/\/polisemeklileri.com\/tr\/wp-json\/wp\/v2\/media\/97"}],"wp:attachment":[{"href":"https:\/\/polisemeklileri.com\/tr\/wp-json\/wp\/v2\/media?parent=91"}],"wp:term":[{"taxonomy":"category","embeddable":true,"href":"https:\/\/polisemeklileri.com\/tr\/wp-json\/wp\/v2\/categories?post=91"},{"taxonomy":"post_tag","embeddable":true,"href":"https:\/\/polisemeklileri.com\/tr\/wp-json\/wp\/v2\/tags?post=91"}],"curies":[{"name":"wp","href":"https:\/\/api.w.org\/{rel}","templated":true}]}}